{"id":8733,"date":"2011-02-02T15:00:00","date_gmt":"2011-02-02T15:00:00","guid":{"rendered":"http:\/\/formalprision.info\/2011\/02\/02\/revelan-la-identidad-del-interno-que-se\/"},"modified":"2015-06-03T08:58:44","modified_gmt":"2015-06-03T08:58:44","slug":"revelan-la-identidad-del-interno-que-se","status":"publish","type":"post","link":"https:\/\/formalprision.com\/?p=8733","title":{"rendered":"Revelan la identidad del interno que se fug\u00f3 de la Correccional"},"content":{"rendered":"<p>Las autoridades polic\u00edacas revelaron que el progrese\u00f1o que escap\u00f3 de la Correccional se llama Jos\u00e9 Burgos Nos.<br \/>Tiene 19 a\u00f1os de edad y purgaba una condena por robo califidado, cometido cuando ten\u00eda 17 a\u00f1os.<br \/>Ayer, la SSP lo estuvo buscando en Progreso porque se cre\u00eda que pod\u00eda acudir a buscar ayuda econ\u00f3mica a familiares y conocidos.<br \/>Sin embargo, no fue localizado, por lo que sigue la b\u00fasqueda.<br \/>Cuando escap\u00f3 de la Correcional se cort\u00f3 con los alambres de p\u00faas y dej\u00f3 un rastro de sangre, pero se cee que la herida ya fue curada en el lugar donde se esconde.<br \/>La polic\u00eda los busca tambi\u00e9n en otras partes del interior del Estado, pero se sospecha que huy\u00f3 a Canc\u00fan.<\/p>\n<p>.<\/p>\n","protected":false},"excerpt":{"rendered":"<p>Las autoridades polic\u00edacas revelaron que el progrese\u00f1o que escap\u00f3 de la Correccional se llama Jos\u00e9 Burgos Nos.Tiene 19 a\u00f1os de edad y purgaba una condena por robo califidado, cometido cuando<\/p>\n","protected":false},"author":1,"featured_media":0,"comment_status":"open","ping_status":"open","sticky":false,"template":"","format":"standard","meta":{"jetpack_post_was_ever_published":false,"_jetpack_newsletter_access":"","_jetpack_dont_email_post_to_subs":false,"_jetpack_newsletter_tier_id":0,"_jetpack_memberships_contains_paywalled_content":false,"_jetpack_memberships_contains_paid_content":false,"footnotes":"","jetpack_publicize_message":"","jetpack_publicize_feature_enabled":true,"jetpack_social_post_already_shared":false,"jetpack_social_options":{"image_generator_settings":{"template":"highway","default_image_id":0,"font":"","enabled":false},"version":2}},"categories":[3,58,1],"tags":[],"class_list":["post-8733","post","type-post","status-publish","format-standard","hentry","category-portada","category-rescates","category-sin-categoria"],"jetpack_publicize_connections":[],"jetpack_featured_media_url":"","jetpack_sharing_enabled":true,"jetpack_shortlink":"https:\/\/wp.me\/p6id8p-2gR","_links":{"self":[{"href":"https:\/\/formalprision.com\/index.php?rest_route=\/wp\/v2\/posts\/8733","targetHints":{"allow":["GET"]}}],"collection":[{"href":"https:\/\/formalprision.com\/index.php?rest_route=\/wp\/v2\/posts"}],"about":[{"href":"https:\/\/formalprision.com\/index.php?rest_route=\/wp\/v2\/types\/post"}],"author":[{"embeddable":true,"href":"https:\/\/formalprision.com\/index.php?rest_route=\/wp\/v2\/users\/1"}],"replies":[{"embeddable":true,"href":"https:\/\/formalprision.com\/index.php?rest_route=%2Fwp%2Fv2%2Fcomments&post=8733"}],"version-history":[{"count":0,"href":"https:\/\/formalprision.com\/index.php?rest_route=\/wp\/v2\/posts\/8733\/revisions"}],"wp:attachment":[{"href":"https:\/\/formalprision.com\/index.php?rest_route=%2Fwp%2Fv2%2Fmedia&parent=8733"}],"wp:term":[{"taxonomy":"category","embeddable":true,"href":"https:\/\/formalprision.com\/index.php?rest_route=%2Fwp%2Fv2%2Fcategories&post=8733"},{"taxonomy":"post_tag","embeddable":true,"href":"https:\/\/formalprision.com\/index.php?rest_route=%2Fwp%2Fv2%2Ftags&post=8733"}],"curies":[{"name":"wp","href":"https:\/\/api.w.org\/{rel}","templated":true}]}}