{"id":8736,"date":"2011-02-01T19:36:00","date_gmt":"2011-02-01T19:36:00","guid":{"rendered":"http:\/\/formalprision.info\/2011\/02\/01\/sigue-la-busqueda-de-menor-profugo-tras\/"},"modified":"2015-06-03T08:58:45","modified_gmt":"2015-06-03T08:58:45","slug":"sigue-la-busqueda-de-menor-profugo-tras","status":"publish","type":"post","link":"https:\/\/formalprision.com\/?p=8736","title":{"rendered":"Sigue la b\u00fasqueda de menor pr\u00f3fugo tras el mot\u00edn en la correccional: es de Progreso"},"content":{"rendered":"<p>Un menor de 17 a\u00f1os de edad aprovech\u00f3 el desconcierto de las autoridades por el motin registrado anoche en la correccional y escap\u00f3 del centro penintenciario mejor conocido como Ceama.<br \/>Hasta este mediod\u00eda el pr\u00f3fugo no hab\u00eda sido recuperado pero ya se le busca en varios lugares, incluso en Progreso de donde es oriundo.<br \/>En el mot\u00edn no hubo lesionados y la situacion fue controlada en las primeras horas de la madrugada.<br \/>Autoridades del lugar informaron qur todo se origin\u00f3 por una diputa entre grupos rivales que hay entre los 73 internos del sitio.<br \/>El procurador H\u00e9ctor Cabrera Rivero inform\u00f3 que no se present\u00f3 denuncia por los hechos y que tampoco han pedido ayuda a la Procuradur\u00eda para localizar al menor fugado.<\/p>\n","protected":false},"excerpt":{"rendered":"<p>Un menor de 17 a\u00f1os de edad aprovech\u00f3 el desconcierto de las autoridades por el motin registrado anoche en la correccional y escap\u00f3 del centro penintenciario mejor conocido como Ceama.Hasta<\/p>\n","protected":false},"author":1,"featured_media":0,"comment_status":"open","ping_status":"open","sticky":false,"template":"","format":"standard","meta":{"jetpack_post_was_ever_published":false,"_jetpack_newsletter_access":"","_jetpack_dont_email_post_to_subs":false,"_jetpack_newsletter_tier_id":0,"_jetpack_memberships_contains_paywalled_content":false,"_jetpack_memberships_contains_paid_content":false,"footnotes":"","jetpack_publicize_message":"","jetpack_publicize_feature_enabled":true,"jetpack_social_post_already_shared":false,"jetpack_social_options":{"image_generator_settings":{"template":"highway","default_image_id":0,"font":"","enabled":false},"version":2}},"categories":[3,58,1],"tags":[],"class_list":["post-8736","post","type-post","status-publish","format-standard","hentry","category-portada","category-rescates","category-sin-categoria"],"jetpack_publicize_connections":[],"jetpack_featured_media_url":"","jetpack_sharing_enabled":true,"jetpack_shortlink":"https:\/\/wp.me\/p6id8p-2gU","_links":{"self":[{"href":"https:\/\/formalprision.com\/index.php?rest_route=\/wp\/v2\/posts\/8736","targetHints":{"allow":["GET"]}}],"collection":[{"href":"https:\/\/formalprision.com\/index.php?rest_route=\/wp\/v2\/posts"}],"about":[{"href":"https:\/\/formalprision.com\/index.php?rest_route=\/wp\/v2\/types\/post"}],"author":[{"embeddable":true,"href":"https:\/\/formalprision.com\/index.php?rest_route=\/wp\/v2\/users\/1"}],"replies":[{"embeddable":true,"href":"https:\/\/formalprision.com\/index.php?rest_route=%2Fwp%2Fv2%2Fcomments&post=8736"}],"version-history":[{"count":0,"href":"https:\/\/formalprision.com\/index.php?rest_route=\/wp\/v2\/posts\/8736\/revisions"}],"wp:attachment":[{"href":"https:\/\/formalprision.com\/index.php?rest_route=%2Fwp%2Fv2%2Fmedia&parent=8736"}],"wp:term":[{"taxonomy":"category","embeddable":true,"href":"https:\/\/formalprision.com\/index.php?rest_route=%2Fwp%2Fv2%2Fcategories&post=8736"},{"taxonomy":"post_tag","embeddable":true,"href":"https:\/\/formalprision.com\/index.php?rest_route=%2Fwp%2Fv2%2Ftags&post=8736"}],"curies":[{"name":"wp","href":"https:\/\/api.w.org\/{rel}","templated":true}]}}