{"id":8738,"date":"2011-02-01T16:07:00","date_gmt":"2011-02-01T16:07:00","guid":{"rendered":"http:\/\/formalprision.info\/2011\/02\/01\/abejas-asesinas-matan-un-joven-en\/"},"modified":"2015-06-03T08:58:45","modified_gmt":"2015-06-03T08:58:45","slug":"abejas-asesinas-matan-un-joven-en","status":"publish","type":"post","link":"https:\/\/formalprision.com\/?p=8738","title":{"rendered":"Abejas asesinas matan a un joven en Valladolid"},"content":{"rendered":"<p><a href=\"http:\/\/3.bp.blogspot.com\/_QwiJz8zwaOw\/TUfAgQaIzUI\/AAAAAAAACgM\/-W-aawt0THQ\/s1600\/images%255B5%255D.jpg\"><img decoding=\"async\" id=\"BLOGGER_PHOTO_ID_5568631124659850562\" style=\"FLOAT: left; MARGIN: 0px 10px 10px 0px; WIDTH: 121px; CURSOR: hand; HEIGHT: 97px\" alt=\"\" src=\"http:\/\/formalprision.com\/wp-content\/uploads\/2011\/02\/images%5B5%5D2.jpg\" border=\"0\" \/><\/a><\/p>\n<div>Un joven de 28 a\u00f1os muri\u00f3 en Valladolid por un ataque de abejas asesinas.<br \/>La v\u00edctima fue identificada como Rolando No Hau,<br \/>Despu\u00e9s del ataque fue llevado en una camioneta al Hospital General de esa ciudad, pero ya no lleg\u00f3 con vida.<br \/>El cuerpo qued\u00f3 dentro de la camioneta en la que era trasladado, a la entrada del nosocomio.<\/div>\n<p><\/p>\n<div>Amado Noh Pech, padre del ahora occiso, dijo que las abejas atacaron a su hijo en el monte.<br \/>La causa de la muerte fue choque anafil\u00e1ctico consecutivo a picadas de abeja, o sea que muri\u00f3 envenenado porque era al\u00e9rgico a la sustancia que inyectan los animalitos<\/div>\n<p><\/p>\n<div> <\/div>\n","protected":false},"excerpt":{"rendered":"<p>Un joven de 28 a\u00f1os muri\u00f3 en Valladolid por un ataque de abejas asesinas.La v\u00edctima fue identificada como Rolando No Hau,Despu\u00e9s del ataque fue llevado en una camioneta al Hospital<\/p>\n","protected":false},"author":1,"featured_media":27400,"comment_status":"open","ping_status":"open","sticky":false,"template":"","format":"standard","meta":{"jetpack_post_was_ever_published":false,"_jetpack_newsletter_access":"","_jetpack_dont_email_post_to_subs":false,"_jetpack_newsletter_tier_id":0,"_jetpack_memberships_contains_paywalled_content":false,"_jetpack_memberships_contains_paid_content":false,"footnotes":"","jetpack_publicize_message":"","jetpack_publicize_feature_enabled":true,"jetpack_social_post_already_shared":false,"jetpack_social_options":{"image_generator_settings":{"template":"highway","default_image_id":0,"font":"","enabled":false},"version":2}},"categories":[44,3,1],"tags":[],"class_list":["post-8738","post","type-post","status-publish","format-standard","has-post-thumbnail","hentry","category-morgue","category-portada","category-sin-categoria"],"jetpack_publicize_connections":[],"jetpack_featured_media_url":"https:\/\/formalprision.com\/wp-content\/uploads\/2011\/02\/images%5B5%5D2.jpg","jetpack_sharing_enabled":true,"jetpack_shortlink":"https:\/\/wp.me\/p6id8p-2gW","_links":{"self":[{"href":"https:\/\/formalprision.com\/index.php?rest_route=\/wp\/v2\/posts\/8738","targetHints":{"allow":["GET"]}}],"collection":[{"href":"https:\/\/formalprision.com\/index.php?rest_route=\/wp\/v2\/posts"}],"about":[{"href":"https:\/\/formalprision.com\/index.php?rest_route=\/wp\/v2\/types\/post"}],"author":[{"embeddable":true,"href":"https:\/\/formalprision.com\/index.php?rest_route=\/wp\/v2\/users\/1"}],"replies":[{"embeddable":true,"href":"https:\/\/formalprision.com\/index.php?rest_route=%2Fwp%2Fv2%2Fcomments&post=8738"}],"version-history":[{"count":0,"href":"https:\/\/formalprision.com\/index.php?rest_route=\/wp\/v2\/posts\/8738\/revisions"}],"wp:featuredmedia":[{"embeddable":true,"href":"https:\/\/formalprision.com\/index.php?rest_route=\/wp\/v2\/media\/27400"}],"wp:attachment":[{"href":"https:\/\/formalprision.com\/index.php?rest_route=%2Fwp%2Fv2%2Fmedia&parent=8738"}],"wp:term":[{"taxonomy":"category","embeddable":true,"href":"https:\/\/formalprision.com\/index.php?rest_route=%2Fwp%2Fv2%2Fcategories&post=8738"},{"taxonomy":"post_tag","embeddable":true,"href":"https:\/\/formalprision.com\/index.php?rest_route=%2Fwp%2Fv2%2Ftags&post=8738"}],"curies":[{"name":"wp","href":"https:\/\/api.w.org\/{rel}","templated":true}]}}