{"id":8740,"date":"2011-02-01T14:34:00","date_gmt":"2011-02-01T14:34:00","guid":{"rendered":"http:\/\/formalprision.info\/2011\/02\/01\/encarcelan-en-el-distrito-federa\/"},"modified":"2015-06-03T08:58:46","modified_gmt":"2015-06-03T08:58:46","slug":"encarcelan-en-el-distrito-federa","status":"publish","type":"post","link":"https:\/\/formalprision.com\/?p=8740","title":{"rendered":"Encarcelan en el Distrito Federal a estudiante meridano ped\u00f3filo"},"content":{"rendered":"<p><a href=\"http:\/\/4.bp.blogspot.com\/_QwiJz8zwaOw\/TUfHwEcmV1I\/AAAAAAAACgk\/D-UymTwiIXc\/s1600\/aaaaapedofilo.jpg\"><img decoding=\"async\" id=\"BLOGGER_PHOTO_ID_5568639092908250962\" style=\"FLOAT: left; MARGIN: 0px 10px 10px 0px; WIDTH: 116px; CURSOR: hand; HEIGHT: 160px\" alt=\"\" src=\"http:\/\/formalprision.com\/wp-content\/uploads\/2011\/02\/aaaaapedofilo.jpg\" border=\"0\" \/><\/a><\/p>\n<div>La Procuradur\u00eda de Justicia del Distrito Federal present\u00f3 ayer al meridano V\u00edctor Manuel Manzanilla M\u00e9ndez, como uno de los cinco miembros de una red de pornograf\u00eda infantil que ser\u00e1n procesados.<\/div>\n<p><\/p>\n<div>El joven, de 21 a\u00f1os de edad y estudiante de la carrera de Psicolog\u00eda, estaba arraigado luego de que fue detenido en M\u00e9rida en diciembre pasado.<\/div>\n<p><\/p>\n<div>Viv\u00eda en Pensiones y en su computadora se hallaron evidencias de pornograf\u00eda infantil<\/div>\n<p><\/p>\n<div>Junto con el joven yucateco tambi\u00e9n fueron presentados a los medios Jos\u00e9 Buend\u00eda del Mazo, alias \u00abPepitotaxi\u00bb, taxista del DF, quien navegaba por Facebook, Netlog y Cocoloop, y quien dec\u00eda tener 12 a\u00f1os;. Joaqu\u00edn Benjam\u00edn Acosta Rodr\u00edguez, profesor de la carrera de comunicaci\u00f3n en la Universidad Aut\u00f3noma Metropolitana; Antonio Nicol\u00e1s Plata, de 21 a\u00f1os, estudiante de la carrera de Qu\u00edmico Farmaco Bi\u00f3logo y Jos\u00e9 N\u00e9stor Vilchis Man-<\/div>\n<p><\/p>\n<div>Ellos fotografiaban a ni\u00f1as y jovencitas sin ropa y luego intercambiaban el material por internet con otros enfermitos.<\/div>\n","protected":false},"excerpt":{"rendered":"<p>La Procuradur\u00eda de Justicia del Distrito Federal present\u00f3 ayer al meridano V\u00edctor Manuel Manzanilla M\u00e9ndez, como uno de los cinco miembros de una red de pornograf\u00eda infantil que ser\u00e1n procesados.<\/p>\n","protected":false},"author":1,"featured_media":27404,"comment_status":"open","ping_status":"open","sticky":false,"template":"","format":"standard","meta":{"jetpack_post_was_ever_published":false,"_jetpack_newsletter_access":"","_jetpack_dont_email_post_to_subs":false,"_jetpack_newsletter_tier_id":0,"_jetpack_memberships_contains_paywalled_content":false,"_jetpack_memberships_contains_paid_content":false,"footnotes":"","jetpack_publicize_message":"","jetpack_publicize_feature_enabled":true,"jetpack_social_post_already_shared":false,"jetpack_social_options":{"image_generator_settings":{"template":"highway","default_image_id":0,"font":"","enabled":false},"version":2}},"categories":[45,3,1,55],"tags":[],"class_list":["post-8740","post","type-post","status-publish","format-standard","has-post-thumbnail","hentry","category-delincuentes-vip","category-portada","category-sin-categoria","category-violines"],"jetpack_publicize_connections":[],"jetpack_featured_media_url":"https:\/\/formalprision.com\/wp-content\/uploads\/2011\/02\/aaaaapedofilo.jpg","jetpack_sharing_enabled":true,"jetpack_shortlink":"https:\/\/wp.me\/p6id8p-2gY","_links":{"self":[{"href":"https:\/\/formalprision.com\/index.php?rest_route=\/wp\/v2\/posts\/8740","targetHints":{"allow":["GET"]}}],"collection":[{"href":"https:\/\/formalprision.com\/index.php?rest_route=\/wp\/v2\/posts"}],"about":[{"href":"https:\/\/formalprision.com\/index.php?rest_route=\/wp\/v2\/types\/post"}],"author":[{"embeddable":true,"href":"https:\/\/formalprision.com\/index.php?rest_route=\/wp\/v2\/users\/1"}],"replies":[{"embeddable":true,"href":"https:\/\/formalprision.com\/index.php?rest_route=%2Fwp%2Fv2%2Fcomments&post=8740"}],"version-history":[{"count":0,"href":"https:\/\/formalprision.com\/index.php?rest_route=\/wp\/v2\/posts\/8740\/revisions"}],"wp:featuredmedia":[{"embeddable":true,"href":"https:\/\/formalprision.com\/index.php?rest_route=\/wp\/v2\/media\/27404"}],"wp:attachment":[{"href":"https:\/\/formalprision.com\/index.php?rest_route=%2Fwp%2Fv2%2Fmedia&parent=8740"}],"wp:term":[{"taxonomy":"category","embeddable":true,"href":"https:\/\/formalprision.com\/index.php?rest_route=%2Fwp%2Fv2%2Fcategories&post=8740"},{"taxonomy":"post_tag","embeddable":true,"href":"https:\/\/formalprision.com\/index.php?rest_route=%2Fwp%2Fv2%2Ftags&post=8740"}],"curies":[{"name":"wp","href":"https:\/\/api.w.org\/{rel}","templated":true}]}}