{"id":87457,"date":"2021-05-03T11:43:14","date_gmt":"2021-05-03T16:43:14","guid":{"rendered":"http:\/\/formalprision.com\/?p=87457"},"modified":"2021-05-03T23:49:17","modified_gmt":"2021-05-04T04:49:17","slug":"amlo-retrasa-48-horas-la-liberacion-de-el-guero-palma","status":"publish","type":"post","link":"https:\/\/formalprision.com\/?p=87457","title":{"rendered":"AMLO retrasa 48 horas la liberaci\u00f3n de  &#8216;El G\u00fcero Palma&#8217;"},"content":{"rendered":"\n<p>El presidente Andr\u00e9s L\u00f3pez Obrador indic\u00f3 que el gobierno federal pidi\u00f3 un plazo de 48 horas m\u00e1s contra de la orden de un juzgado de Jalisco relacionada a la liberaci\u00f3n de &#8216;El G\u00fcero Palma&#8217;, exl\u00edder del c\u00e1rtel de Sinaloa<\/p>\n\n\n\n<p>D;ijo que la resoluci\u00f3n fue un proceso poco habitual y que \u201ceso coloquialmente se conoce como sabadazo\u201d por lo que pidi\u00f3 a la Secretar\u00eda de Gobernaci\u00f3n analizar la conveniencia de emprender una reforma para evitarlos..<\/p>\n\n\n\n<p>El presidente acept\u00f3 que si no se hubieran dado cuenta, El G\u00fcero Palma habr\u00eda salido libre y que eso habr\u00eda tra\u00eddo cr\u00edticas a su gobierno<\/p>\n\n\n\n<p>L a secretaria de Seguridad, Rosa Icela Rodr\u00edguez, detall\u00f3 que se contin\u00faa con el cruce de informaci\u00f3n de fiscal\u00edas y el gobierno estadounidense.<\/p>\n","protected":false},"excerpt":{"rendered":"<p>El presidente Andr\u00e9s L\u00f3pez Obrador indic\u00f3 que el gobierno federal pidi\u00f3 un plazo de 48 horas m\u00e1s contra de la orden de un juzgado de Jalisco relacionada a la liberaci\u00f3n<\/p>\n","protected":false},"author":1,"featured_media":87458,"comment_status":"open","ping_status":"open","sticky":false,"template":"","format":"standard","meta":{"jetpack_post_was_ever_published":false,"_jetpack_newsletter_access":"","_jetpack_dont_email_post_to_subs":false,"_jetpack_newsletter_tier_id":0,"_jetpack_memberships_contains_paywalled_content":false,"_jetpack_memberships_contains_paid_content":false,"footnotes":"","jetpack_publicize_message":"El presidente acept\u00f3 que si no se hubieran dado cuenta, El G\u00fcero Palma habr\u00eda salido libre y que eso habr\u00eda tra\u00eddo cr\u00edticas a su gobierno","jetpack_publicize_feature_enabled":true,"jetpack_social_post_already_shared":true,"jetpack_social_options":{"image_generator_settings":{"template":"highway","default_image_id":0,"font":"","enabled":false},"version":2}},"categories":[23,21,47],"tags":[],"class_list":["post-87457","post","type-post","status-publish","format-standard","has-post-thumbnail","hentry","category-del-mundo","category-nacionales","category-narcos"],"jetpack_publicize_connections":[],"jetpack_featured_media_url":"https:\/\/formalprision.com\/wp-content\/uploads\/2021\/05\/Screenshot_20210503_113705.jpg","jetpack_sharing_enabled":true,"jetpack_shortlink":"https:\/\/wp.me\/p6id8p-mKB","_links":{"self":[{"href":"https:\/\/formalprision.com\/index.php?rest_route=\/wp\/v2\/posts\/87457","targetHints":{"allow":["GET"]}}],"collection":[{"href":"https:\/\/formalprision.com\/index.php?rest_route=\/wp\/v2\/posts"}],"about":[{"href":"https:\/\/formalprision.com\/index.php?rest_route=\/wp\/v2\/types\/post"}],"author":[{"embeddable":true,"href":"https:\/\/formalprision.com\/index.php?rest_route=\/wp\/v2\/users\/1"}],"replies":[{"embeddable":true,"href":"https:\/\/formalprision.com\/index.php?rest_route=%2Fwp%2Fv2%2Fcomments&post=87457"}],"version-history":[{"count":0,"href":"https:\/\/formalprision.com\/index.php?rest_route=\/wp\/v2\/posts\/87457\/revisions"}],"wp:featuredmedia":[{"embeddable":true,"href":"https:\/\/formalprision.com\/index.php?rest_route=\/wp\/v2\/media\/87458"}],"wp:attachment":[{"href":"https:\/\/formalprision.com\/index.php?rest_route=%2Fwp%2Fv2%2Fmedia&parent=87457"}],"wp:term":[{"taxonomy":"category","embeddable":true,"href":"https:\/\/formalprision.com\/index.php?rest_route=%2Fwp%2Fv2%2Fcategories&post=87457"},{"taxonomy":"post_tag","embeddable":true,"href":"https:\/\/formalprision.com\/index.php?rest_route=%2Fwp%2Fv2%2Ftags&post=87457"}],"curies":[{"name":"wp","href":"https:\/\/api.w.org\/{rel}","templated":true}]}}