{"id":87463,"date":"2021-05-03T18:23:20","date_gmt":"2021-05-03T23:23:20","guid":{"rendered":"http:\/\/formalprision.com\/?p=87463"},"modified":"2021-05-03T18:23:20","modified_gmt":"2021-05-03T23:23:20","slug":"siguen-a-la-baja-los-fallecidos-por-covid-19-en-yucatan","status":"publish","type":"post","link":"https:\/\/formalprision.com\/?p=87463","title":{"rendered":"Siguen a la baja los fallecidos por Covid-19 en Yucat\u00e1n"},"content":{"rendered":"\n<p>En este lunes de arranque de vacunaci\u00f3n a personas de 50 a 59 a\u00f1os, la Secretar\u00eda de Salud report\u00f3 cuatro fallecidos y 89 nuevos contagios de Covid-19 en Yucat\u00e1n.<\/p>\n\n\n\n<p>Tambi\u00e9n inform\u00f3 de 136 pacientes en hospitales p\u00fablicos, que es una cifra baja en comparaci\u00f3n con las que se ten\u00edan a principios de a\u00f1o.<\/p>\n\n\n\n<p>En el panorama general, ya son 37,676 contagios desde que lleg\u00f3 la pandemia al estado, el 13 de marzo de 2020.<\/p>\n\n\n\n<p>Los pacientes recuperados suman 33,044 y los fallecidos son 4,060.<\/p>\n\n\n\n<p>Este lunes 3 de mayo comenz\u00f3 la vacunaci\u00f3n de personas de 50 a 59 a\u00f1os en Valladolid, Tizim\u00edn, Kanas\u00edn, Progreso, Buctzoz y Um\u00e1n.<\/p>\n\n\n\n<p>Este es el parte m\u00e9dico de este lunes 3 de mayo:<\/p>\n\n\n\n<p>Hoy comenz\u00f3 el proceso de vacunaci\u00f3n contra el Covid en personas de 50 a 59 a\u00f1os de edad de los municipios de Valladolid, Tizim\u00edn, Kanas\u00edn y Progreso. Las vacunas que se aplican son las 35,100 que llegaron el s\u00e1bado.<\/p>\n\n\n\n<p>La tarde del mi\u00e9rcoles arrib\u00f3 a Yucat\u00e1n un nuevo cargamento con 2,400 vacunas, las cuales se destinan para continuar la aplicaci\u00f3n de segunda dosis a hombres y mujeres de 60 a\u00f1os y m\u00e1s del municipio de Kanas\u00edn. La jornada de vacunaci\u00f3n de segundas dosis en Kanas\u00edn comenz\u00f3 un d\u00eda antes, el martes pasado.<\/p>\n\n\n\n<p>El lunes pasado, los adultos mayores de Motul, Valladolid, Conkal, Kaua, Cuncunul, Espita, Ticul, Akil, Izamal, Maxcan\u00fa, Peto, Tekax, Tinum y Tizim\u00edn comenzaron a recibir sus segundas dosis.<\/p>\n\n\n\n<p>Como se ha se\u00f1alado, en la reapertura econ\u00f3mica los datos m\u00e1s importantes son la ocupaci\u00f3n hospitalaria y los ingresos diarios. El d\u00eda de hoy tenemos 136 pacientes en hospitales p\u00fablicos.&nbsp;<\/p>\n\n\n\n<p>33,044 pacientes ya se recuperaron: no presentan s\u00edntomas ni pueden contagiar. Esta cifra representa el 87% del total de contagios registrados, que es 37,676.<\/p>\n\n\n\n<p>Hoy se detectaron 89 nuevos contagios de Coronavirus.&nbsp;<\/p>\n\n\n\n<p>59 en M\u00e9rida,<\/p>\n\n\n\n<p>14 en Valladolid,<\/p>\n\n\n\n<p>2 en Motul, Progreso, Tzucacab y Yaxcab\u00e1,<\/p>\n\n\n\n<p>1 en Conkal, Hom\u00fan, Kanas\u00edn, Temoz\u00f3n, Ticul, Tizim\u00edn y Um\u00e1n,<\/p>\n\n\n\n<p>y 1 for\u00e1neo.&nbsp;<\/p>\n\n\n\n<p>De los 37,676 casos positivos, 324 son de otro pa\u00eds u otro estado.<\/p>\n\n\n\n<p>Espec\u00edficamente, en M\u00e9rida se han diagnosticado 23,668 personas contagiadas de Coronavirus (casos acumulados al 2 de mayo), que viven en:<\/p>\n\n\n\n<p>6,738 en la zona Norte&nbsp;<\/p>\n\n\n\n<p>6,124 en la zona Oriente<\/p>\n\n\n\n<p>2,212 en la zona Centro<\/p>\n\n\n\n<p>3,378 en la zona Sur<\/p>\n\n\n\n<p>5,216 en la zona Poniente<\/p>\n\n\n\n<p>Lamentablemente, en este parte m\u00e9dico informamos de 4 fallecimientos:<\/p>\n\n\n\n<p>1.- Femenino 49 a\u00f1os de M\u00e9rida&nbsp;&nbsp;&nbsp;&nbsp;&nbsp;&nbsp;&nbsp;&nbsp;&nbsp;&nbsp;&nbsp;&nbsp;&nbsp; HAS<\/p>\n\n\n\n<p>2.- Masculino 68 a\u00f1os de M\u00e9rida&nbsp;&nbsp;&nbsp;&nbsp;&nbsp;&nbsp;&nbsp;&nbsp;&nbsp;&nbsp;&nbsp;&nbsp;&nbsp; HAS\/IRC<\/p>\n\n\n\n<p>3.- Femenino 65 a\u00f1os de Akil&nbsp;&nbsp;&nbsp;&nbsp;&nbsp;&nbsp;&nbsp;&nbsp;&nbsp;&nbsp;&nbsp;&nbsp;&nbsp;&nbsp;&nbsp;&nbsp;&nbsp;&nbsp;&nbsp; HAS\/Obesidad<\/p>\n\n\n\n<p>4.- Masculino 67 a\u00f1os de M\u00e9rida&nbsp;&nbsp;&nbsp;&nbsp;&nbsp;&nbsp;&nbsp;&nbsp;&nbsp;&nbsp;&nbsp;&nbsp;&nbsp;&nbsp; Enfermedad cardiovascular\/HAS\/DM<\/p>\n\n\n\n<p>Siglas: HIPERTENSI\u00d3N ARTERIAL SIST\u00c9MICA (HAS), DIABETES MELLITUS (DM) e INSUFICIENCIA RENAL CR\u00d3NICA (IRC).<\/p>\n\n\n\n<p>En total, son 4,060 las personas fallecidas a causa del Coronavirus.<\/p>\n\n\n\n<p>De los casos activos, 436 est\u00e1n estables, aislados, monitoreados por personal m\u00e9dico de la SSY; presentan s\u00edntomas leves.<\/p>\n\n\n\n<p>Como ya se mencion\u00f3, 136 de los casos positivos est\u00e1n en hospitales p\u00fablicos y en aislamiento total. Hay otros pacientes a la espera de diagn\u00f3stico.<\/p>\n\n\n\n<p>El rango de edad de los casos es de 1 mes a 99 a\u00f1os.<\/p>\n\n\n\n<p>LOS INDICADORES SEMANALES DEL SEM\u00c1FORO ESTATAL DE SALUD MARCAN COLOR AMARILLO.<\/p>\n\n\n\n<p>COMO SE HA INFORMADO, EL SEM\u00c1FORO ESTATAL DE SALUD SE VA A DAR A CONOCER CADA 15 D\u00cdAS CON LA FINALIDAD DE HOMOLOGAR FECHAS DE PRESENTACI\u00d3N CON EL SEM\u00c1FORO QUINCENAL DEL GOBIERNO FEDERAL.<\/p>\n","protected":false},"excerpt":{"rendered":"<p>En este lunes de arranque de vacunaci\u00f3n a personas de 50 a 59 a\u00f1os, la Secretar\u00eda de Salud report\u00f3 cuatro fallecidos y 89 nuevos contagios de Covid-19 en Yucat\u00e1n. Tambi\u00e9n<\/p>\n","protected":false},"author":2,"featured_media":87465,"comment_status":"open","ping_status":"open","sticky":false,"template":"","format":"standard","meta":{"jetpack_post_was_ever_published":false,"_jetpack_newsletter_access":"","_jetpack_dont_email_post_to_subs":false,"_jetpack_newsletter_tier_id":0,"_jetpack_memberships_contains_paywalled_content":false,"_jetpack_memberships_contains_paid_content":false,"footnotes":"","jetpack_publicize_message":"Hoy se reportan 136 pacientes en hospitales p\u00fablicos, cuatro fallecidos y 89 nuevos contagios de Covid-19 en Yucat\u00e1n.","jetpack_publicize_feature_enabled":true,"jetpack_social_post_already_shared":true,"jetpack_social_options":{"image_generator_settings":{"template":"highway","default_image_id":0,"font":"","enabled":false},"version":2}},"categories":[14],"tags":[],"class_list":["post-87463","post","type-post","status-publish","format-standard","has-post-thumbnail","hentry","category-merida"],"jetpack_publicize_connections":[],"jetpack_featured_media_url":"https:\/\/formalprision.com\/wp-content\/uploads\/2021\/05\/WhatsApp-Image-2021-05-03-at-2.34.48-PM.jpeg","jetpack_sharing_enabled":true,"jetpack_shortlink":"https:\/\/wp.me\/p6id8p-mKH","_links":{"self":[{"href":"https:\/\/formalprision.com\/index.php?rest_route=\/wp\/v2\/posts\/87463","targetHints":{"allow":["GET"]}}],"collection":[{"href":"https:\/\/formalprision.com\/index.php?rest_route=\/wp\/v2\/posts"}],"about":[{"href":"https:\/\/formalprision.com\/index.php?rest_route=\/wp\/v2\/types\/post"}],"author":[{"embeddable":true,"href":"https:\/\/formalprision.com\/index.php?rest_route=\/wp\/v2\/users\/2"}],"replies":[{"embeddable":true,"href":"https:\/\/formalprision.com\/index.php?rest_route=%2Fwp%2Fv2%2Fcomments&post=87463"}],"version-history":[{"count":0,"href":"https:\/\/formalprision.com\/index.php?rest_route=\/wp\/v2\/posts\/87463\/revisions"}],"wp:featuredmedia":[{"embeddable":true,"href":"https:\/\/formalprision.com\/index.php?rest_route=\/wp\/v2\/media\/87465"}],"wp:attachment":[{"href":"https:\/\/formalprision.com\/index.php?rest_route=%2Fwp%2Fv2%2Fmedia&parent=87463"}],"wp:term":[{"taxonomy":"category","embeddable":true,"href":"https:\/\/formalprision.com\/index.php?rest_route=%2Fwp%2Fv2%2Fcategories&post=87463"},{"taxonomy":"post_tag","embeddable":true,"href":"https:\/\/formalprision.com\/index.php?rest_route=%2Fwp%2Fv2%2Ftags&post=87463"}],"curies":[{"name":"wp","href":"https:\/\/api.w.org\/{rel}","templated":true}]}}