{"id":8749,"date":"2011-01-30T19:06:00","date_gmt":"2011-01-30T19:06:00","guid":{"rendered":"http:\/\/formalprision.info\/2011\/01\/30\/insolito-enemigos-de-nerio-torres-ahora\/"},"modified":"2015-06-03T08:58:47","modified_gmt":"2015-06-03T08:58:47","slug":"insolito-enemigos-de-nerio-torres-ahora","status":"publish","type":"post","link":"https:\/\/formalprision.com\/?p=8749","title":{"rendered":"Ins\u00f3lito; enemigos de Nerio Torres ahora son sus amigos"},"content":{"rendered":"<p><a href=\"http:\/\/2.bp.blogspot.com\/_QwiJz8zwaOw\/TUW5dgSU2nI\/AAAAAAAACfc\/hsH8ufHNBEU\/s1600\/aaaaaaaanerio.jpg\"><img decoding=\"async\" id=\"BLOGGER_PHOTO_ID_5568060430847629938\" style=\"FLOAT: left; MARGIN: 0px 10px 10px 0px; WIDTH: 300px; CURSOR: hand; HEIGHT: 400px\" alt=\"\" src=\"http:\/\/formalprision.com\/wp-content\/uploads\/2011\/01\/aaaaaaaanerio.jpg\" border=\"0\" \/><\/a><\/p>\n<div>Amigos, empleados, parientes y hasta enemigos de Nerio Torres Ortiz realizaron hoy una protesta contra el alza del combustible.<\/div>\n<p><\/p>\n<div>Llegaron desde las 7 de la ma\u00f1ana y se retiraron a las 12:30 horas, pero como lo hicieron con sus taxis, camiones y camionetas tipo Van, dejaron sin servicio a la ciudad,<\/div>\n<p><\/p>\n<div>La protesta la realizaron a lo largo de la carretera M\u00e9rida Progreso, ocupando 15.4 kil\u00f3metros de esta v\u00eda, hasta el entronque a Komch\u00e9n.<\/div>\n<p><\/p>\n<div>Ellos protestan porque el combustible sube cada mes, pues prefieren que les suban el precio de golpe. tal y como sucedi\u00f3 en Bolivia, donde el presidente Evo Morales aument\u00f3 el precio despu\u00e9s de varios a\u00f1os de no hacerlo, lo que gener\u00f3 inconformidad y hasta violencia.<\/div>\n<p><\/p>\n<div>Los tax\u00edmetros tambi\u00e9n participaron en la protesta, pero esta vez no alteraron los equipos para cobrar m\u00e1s, como suelen hacerlo diario.<\/div>\n<div>Estaban los grupos que antes odiaban a Nerio Torres Ortiz y que ahora parece ser son grandes amgios<\/div>\n<div>Algunos choferes decidieron irse a Progreso despu\u00e9s de la protesta<\/div>\n<div>Los dirigentes de los transportistas aseguraron que har\u00e1n una nueva protesta en casod e quenos e atiendan sus peticiones.,<\/div>\n<p><\/p>\n<div><\/div>\n","protected":false},"excerpt":{"rendered":"<p>Amigos, empleados, parientes y hasta enemigos de Nerio Torres Ortiz realizaron hoy una protesta contra el alza del combustible. Llegaron desde las 7 de la ma\u00f1ana y se retiraron a<\/p>\n","protected":false},"author":1,"featured_media":27421,"comment_status":"open","ping_status":"open","sticky":false,"template":"","format":"standard","meta":{"jetpack_post_was_ever_published":false,"_jetpack_newsletter_access":"","_jetpack_dont_email_post_to_subs":false,"_jetpack_newsletter_tier_id":0,"_jetpack_memberships_contains_paywalled_content":false,"_jetpack_memberships_contains_paid_content":false,"footnotes":"","jetpack_publicize_message":"","jetpack_publicize_feature_enabled":true,"jetpack_social_post_already_shared":false,"jetpack_social_options":{"image_generator_settings":{"template":"highway","default_image_id":0,"font":"","enabled":false},"version":2}},"categories":[3,1,54],"tags":[],"class_list":["post-8749","post","type-post","status-publish","format-standard","has-post-thumbnail","hentry","category-portada","category-sin-categoria","category-yucatan"],"jetpack_publicize_connections":[],"jetpack_featured_media_url":"https:\/\/formalprision.com\/wp-content\/uploads\/2011\/01\/aaaaaaaanerio.jpg","jetpack_sharing_enabled":true,"jetpack_shortlink":"https:\/\/wp.me\/p6id8p-2h7","_links":{"self":[{"href":"https:\/\/formalprision.com\/index.php?rest_route=\/wp\/v2\/posts\/8749","targetHints":{"allow":["GET"]}}],"collection":[{"href":"https:\/\/formalprision.com\/index.php?rest_route=\/wp\/v2\/posts"}],"about":[{"href":"https:\/\/formalprision.com\/index.php?rest_route=\/wp\/v2\/types\/post"}],"author":[{"embeddable":true,"href":"https:\/\/formalprision.com\/index.php?rest_route=\/wp\/v2\/users\/1"}],"replies":[{"embeddable":true,"href":"https:\/\/formalprision.com\/index.php?rest_route=%2Fwp%2Fv2%2Fcomments&post=8749"}],"version-history":[{"count":0,"href":"https:\/\/formalprision.com\/index.php?rest_route=\/wp\/v2\/posts\/8749\/revisions"}],"wp:featuredmedia":[{"embeddable":true,"href":"https:\/\/formalprision.com\/index.php?rest_route=\/wp\/v2\/media\/27421"}],"wp:attachment":[{"href":"https:\/\/formalprision.com\/index.php?rest_route=%2Fwp%2Fv2%2Fmedia&parent=8749"}],"wp:term":[{"taxonomy":"category","embeddable":true,"href":"https:\/\/formalprision.com\/index.php?rest_route=%2Fwp%2Fv2%2Fcategories&post=8749"},{"taxonomy":"post_tag","embeddable":true,"href":"https:\/\/formalprision.com\/index.php?rest_route=%2Fwp%2Fv2%2Ftags&post=8749"}],"curies":[{"name":"wp","href":"https:\/\/api.w.org\/{rel}","templated":true}]}}