{"id":8797,"date":"2011-01-20T14:52:00","date_gmt":"2011-01-20T14:52:00","guid":{"rendered":"http:\/\/formalprision.info\/2011\/01\/20\/muere-el-consejero-que-fue-acuchillado\/"},"modified":"2015-06-03T08:58:59","modified_gmt":"2015-06-03T08:58:59","slug":"muere-el-consejero-que-fue-acuchillado","status":"publish","type":"post","link":"https:\/\/formalprision.com\/?p=8797","title":{"rendered":"Muere el consejero que fue acuchillado por un drogadicto en rehabilitaci\u00f3n"},"content":{"rendered":"<p><a href=\"http:\/\/4.bp.blogspot.com\/_QwiJz8zwaOw\/TTdFKtxExcI\/AAAAAAAACZc\/O2wVSpCFuJQ\/s1600\/GetAttachment%255B7%255D.jpg\"><img decoding=\"async\" id=\"BLOGGER_PHOTO_ID_5563991915025974722\" style=\"FLOAT: left; MARGIN: 0px 10px 10px 0px; WIDTH: 213px; CURSOR: hand; HEIGHT: 160px\" alt=\"\" src=\"http:\/\/formalprision.com\/wp-content\/uploads\/2011\/01\/GetAttachment%5B7%5D1.jpg\" border=\"0\" \/><\/a><\/p>\n<div>El progrese\u00f1o Freddy Roberto Cetina Medina, de 28 a\u00f1os de edad, falleci\u00f3 en el Hospital Ohor\u00e1n, donde lo atend\u00edan de las graves heridas que le caus\u00f3 un adicto a las drogas en un albergue en Oxcutzcab.<\/div>\n<p><\/p>\n<div>El cuerpo del joven fue trasladado a Progreso y fue velado en la funeraria Reyes Rodr\u00edguez, ubicada en la calle 31, entre 82 y 84. <\/div>\n<p><\/p>\n<div>Ayer fue enterrado en el cementerio general de ese puerto.<\/div>\n<p><\/p>\n<div>El joven, quien era conocido en Progreso por dedicarse al \u00abboteo\u00bb para recaudar fondos para la casa de rehabilitaci\u00f3n donde fung\u00eda como subdirector, recorr\u00eda todos los d\u00edas las calles del puerto y visitaba otras comunidades de la regi\u00f3n y del sur efectuando la misma labor.<\/div>\n<p><\/p>\n<div>Como informamos en su oportundiad, los hechos ocurrieron el domingo 9 de enero por la ma\u00f1ana en Oxcutzcab cuando el drogadicto tizimile\u00f1o Adriano Petul Arjona le clav\u00f3 un cuchillo de cocina en el pecho, porque le faltaba droga y porque.s eg\u00fan\u00e9l, lo trataban mal en ese albergue.<\/div>\n<p><\/p>\n<div><\/div>\n","protected":false},"excerpt":{"rendered":"<p>El progrese\u00f1o Freddy Roberto Cetina Medina, de 28 a\u00f1os de edad, falleci\u00f3 en el Hospital Ohor\u00e1n, donde lo atend\u00edan de las graves heridas que le caus\u00f3 un adicto a las<\/p>\n","protected":false},"author":1,"featured_media":27507,"comment_status":"open","ping_status":"open","sticky":false,"template":"","format":"standard","meta":{"jetpack_post_was_ever_published":false,"_jetpack_newsletter_access":"","_jetpack_dont_email_post_to_subs":false,"_jetpack_newsletter_tier_id":0,"_jetpack_memberships_contains_paywalled_content":false,"_jetpack_memberships_contains_paid_content":false,"footnotes":"","jetpack_publicize_message":"","jetpack_publicize_feature_enabled":true,"jetpack_social_post_already_shared":false,"jetpack_social_options":{"image_generator_settings":{"template":"highway","default_image_id":0,"font":"","enabled":false},"version":2}},"categories":[44,3,1],"tags":[],"class_list":["post-8797","post","type-post","status-publish","format-standard","has-post-thumbnail","hentry","category-morgue","category-portada","category-sin-categoria"],"jetpack_publicize_connections":[],"jetpack_featured_media_url":"https:\/\/formalprision.com\/wp-content\/uploads\/2011\/01\/GetAttachment%5B7%5D1.jpg","jetpack_sharing_enabled":true,"jetpack_shortlink":"https:\/\/wp.me\/p6id8p-2hT","_links":{"self":[{"href":"https:\/\/formalprision.com\/index.php?rest_route=\/wp\/v2\/posts\/8797","targetHints":{"allow":["GET"]}}],"collection":[{"href":"https:\/\/formalprision.com\/index.php?rest_route=\/wp\/v2\/posts"}],"about":[{"href":"https:\/\/formalprision.com\/index.php?rest_route=\/wp\/v2\/types\/post"}],"author":[{"embeddable":true,"href":"https:\/\/formalprision.com\/index.php?rest_route=\/wp\/v2\/users\/1"}],"replies":[{"embeddable":true,"href":"https:\/\/formalprision.com\/index.php?rest_route=%2Fwp%2Fv2%2Fcomments&post=8797"}],"version-history":[{"count":0,"href":"https:\/\/formalprision.com\/index.php?rest_route=\/wp\/v2\/posts\/8797\/revisions"}],"wp:featuredmedia":[{"embeddable":true,"href":"https:\/\/formalprision.com\/index.php?rest_route=\/wp\/v2\/media\/27507"}],"wp:attachment":[{"href":"https:\/\/formalprision.com\/index.php?rest_route=%2Fwp%2Fv2%2Fmedia&parent=8797"}],"wp:term":[{"taxonomy":"category","embeddable":true,"href":"https:\/\/formalprision.com\/index.php?rest_route=%2Fwp%2Fv2%2Fcategories&post=8797"},{"taxonomy":"post_tag","embeddable":true,"href":"https:\/\/formalprision.com\/index.php?rest_route=%2Fwp%2Fv2%2Ftags&post=8797"}],"curies":[{"name":"wp","href":"https:\/\/api.w.org\/{rel}","templated":true}]}}