{"id":8805,"date":"2011-01-18T23:30:00","date_gmt":"2011-01-18T23:30:00","guid":{"rendered":"http:\/\/formalprision.info\/2011\/01\/18\/abusaba-de-su-hijastra-ya-esta-detenido\/"},"modified":"2015-06-03T08:59:01","modified_gmt":"2015-06-03T08:59:01","slug":"abusaba-de-su-hijastra-ya-esta-detenido","status":"publish","type":"post","link":"https:\/\/formalprision.com\/?p=8805","title":{"rendered":"Abusaba de su hijastra: ya est\u00e1 detenido"},"content":{"rendered":"<p><a href=\"http:\/\/2.bp.blogspot.com\/_QwiJz8zwaOw\/TTYb2S6sjTI\/AAAAAAAACYs\/NFNCDnQKmsY\/s1600\/GetAttachment%255B2%255D.jpg\"><img decoding=\"async\" id=\"BLOGGER_PHOTO_ID_5563665009267739954\" style=\"FLOAT: left; MARGIN: 0px 10px 10px 0px; WIDTH: 220px; CURSOR: hand; HEIGHT: 146px\" alt=\"\" src=\"http:\/\/formalprision.com\/wp-content\/uploads\/2011\/01\/GetAttachment%5B2%5D2.jpg\" border=\"0\" \/><\/a><\/p>\n<div>En cumplimiento a una orden de aprehensi\u00f3n, agentes de la Polic\u00eda Judicial detuvieron a Alberth Zuriel Alejo M\u00e9ndez, acusado de abusar de su hijastra.<\/div>\n<p><\/p>\n<div>De acuerdo con la denuncia del padre de la menor, tiempo despu\u00e9s de que se separ\u00f3 de la madre de la menor, \u00e9sta comenz\u00f3 una relaci\u00f3n con Alejo M\u00e9ndez, quien aprovechaba los momentos en que se quedaba solo con la ni\u00f1a para obligarla a cometer actos lascivos.<br \/>Al momento de interponer la denuncia, a principios de diciembre del 2009, el padre de la v\u00edctima indic\u00f3 que debido a los problemas que hab\u00eda tenido con la pareja sentimental de su ex mujer, comenz\u00f3 a visitar a su hija en la escuela, a la hora del recreo y, ese mismo d\u00eda, la peque\u00f1a le hab\u00eda pedido que la llevara a vivir con \u00e9l ya que, seg\u00fan manifest\u00f3 la menor, no aguantaba los malos tratos que le daba Alejo M\u00e9ndez.<br \/>El denunciante acudi\u00f3 al DIF junto con la ni\u00f1a, quien en ese entonces contaba con 9 a\u00f1os de edad, para dar a conocer lo que estaba pasando, y fue entonces cuando la afectada indic\u00f3 que la pareja de su progenitora tambi\u00e9n la manoseaba en sus genitales o en ocasiones la obligaba a tocarle sus partes \u00edntimas.<br \/>En el expediente se indica que los abusos ocurr\u00edan cuando la madre de la v\u00edctima se ausentaba del predio, pero por temor a que el indiciado la agrediera f\u00edsicamente a ella o a su progenitora, no le contaba a nadie lo sucedido.<br \/>Una vez enterado de los hechos, el padre de la ni\u00f1a interpuso la denuncia correspondiente que origin\u00f3 la orden de aprehensi\u00f3n en contra de Alejo M\u00e9ndez, quien tras ser capturado en la calle 55 por 58, del fraccionamiento Francisco de Montejo, fue remitido al penal a disposici\u00f3n del juez que lleva el caso. <\/div>\n","protected":false},"excerpt":{"rendered":"<p>En cumplimiento a una orden de aprehensi\u00f3n, agentes de la Polic\u00eda Judicial detuvieron a Alberth Zuriel Alejo M\u00e9ndez, acusado de abusar de su hijastra. De acuerdo con la denuncia del<\/p>\n","protected":false},"author":1,"featured_media":27523,"comment_status":"open","ping_status":"open","sticky":false,"template":"","format":"standard","meta":{"jetpack_post_was_ever_published":false,"_jetpack_newsletter_access":"","_jetpack_dont_email_post_to_subs":false,"_jetpack_newsletter_tier_id":0,"_jetpack_memberships_contains_paywalled_content":false,"_jetpack_memberships_contains_paid_content":false,"footnotes":"","jetpack_publicize_message":"","jetpack_publicize_feature_enabled":true,"jetpack_social_post_already_shared":false,"jetpack_social_options":{"image_generator_settings":{"template":"highway","default_image_id":0,"font":"","enabled":false},"version":2}},"categories":[3,1,55],"tags":[],"class_list":["post-8805","post","type-post","status-publish","format-standard","has-post-thumbnail","hentry","category-portada","category-sin-categoria","category-violines"],"jetpack_publicize_connections":[],"jetpack_featured_media_url":"https:\/\/formalprision.com\/wp-content\/uploads\/2011\/01\/GetAttachment%5B2%5D2.jpg","jetpack_sharing_enabled":true,"jetpack_shortlink":"https:\/\/wp.me\/p6id8p-2i1","_links":{"self":[{"href":"https:\/\/formalprision.com\/index.php?rest_route=\/wp\/v2\/posts\/8805","targetHints":{"allow":["GET"]}}],"collection":[{"href":"https:\/\/formalprision.com\/index.php?rest_route=\/wp\/v2\/posts"}],"about":[{"href":"https:\/\/formalprision.com\/index.php?rest_route=\/wp\/v2\/types\/post"}],"author":[{"embeddable":true,"href":"https:\/\/formalprision.com\/index.php?rest_route=\/wp\/v2\/users\/1"}],"replies":[{"embeddable":true,"href":"https:\/\/formalprision.com\/index.php?rest_route=%2Fwp%2Fv2%2Fcomments&post=8805"}],"version-history":[{"count":0,"href":"https:\/\/formalprision.com\/index.php?rest_route=\/wp\/v2\/posts\/8805\/revisions"}],"wp:featuredmedia":[{"embeddable":true,"href":"https:\/\/formalprision.com\/index.php?rest_route=\/wp\/v2\/media\/27523"}],"wp:attachment":[{"href":"https:\/\/formalprision.com\/index.php?rest_route=%2Fwp%2Fv2%2Fmedia&parent=8805"}],"wp:term":[{"taxonomy":"category","embeddable":true,"href":"https:\/\/formalprision.com\/index.php?rest_route=%2Fwp%2Fv2%2Fcategories&post=8805"},{"taxonomy":"post_tag","embeddable":true,"href":"https:\/\/formalprision.com\/index.php?rest_route=%2Fwp%2Fv2%2Ftags&post=8805"}],"curies":[{"name":"wp","href":"https:\/\/api.w.org\/{rel}","templated":true}]}}