{"id":8813,"date":"2011-01-18T03:06:00","date_gmt":"2011-01-18T03:06:00","guid":{"rendered":"http:\/\/formalprision.info\/2011\/01\/18\/detiene-la-ssp-3-menores-que-robaron-en\/"},"modified":"2015-06-03T08:59:03","modified_gmt":"2015-06-03T08:59:03","slug":"detiene-la-ssp-3-menores-que-robaron-en","status":"publish","type":"post","link":"https:\/\/formalprision.com\/?p=8813","title":{"rendered":"Detiene la SSP a 3 menores que robaron en una escuela de Progreso"},"content":{"rendered":"<p><a href=\"http:\/\/3.bp.blogspot.com\/_QwiJz8zwaOw\/TTUD-4_IvQI\/AAAAAAAACXs\/OpuuBqMa9s4\/s1600\/GetAttachment%255B1%255D.jpg\"><img decoding=\"async\" id=\"BLOGGER_PHOTO_ID_5563357293670087938\" style=\"FLOAT: left; MARGIN: 0px 10px 10px 0px; WIDTH: 120px; CURSOR: hand; HEIGHT: 160px\" alt=\"\" src=\"http:\/\/formalprision.com\/wp-content\/uploads\/2011\/01\/GetAttachment%5B1%5D3.jpg\" border=\"0\" \/><\/a><\/p>\n<div>Son menores de edad, pero les gusta robar a tres jovencitos de Progreso.<\/div>\n<p><\/p>\n<div>Ya fueron detenidos por elementos de la Secretar\u00eda de Seguridad P\u00fablica en la madrugada.<\/div>\n<p><\/p>\n<div>Ellos son V.A.C.D., J.A.D.C., M.E.C.K., de 17, 15 y 14 a\u00f1os de edad, respectivamente, capturados cuando sustra\u00edan equipo de c\u00f3mputo de la escuela primaria Juan Miguel Castro ubicada en la calle 35 por 42 y 44 de la colonia Revoluci\u00f3n del Puerto de Progreso.<br \/>Dos de los menores brincaban en muro con los art\u00edculos y en la acera los esperaba a bordo de una motocicleta \u2013con reporte de robo- el sujeto de 17 a\u00f1os que al ver a los polic\u00edas intent\u00f3 darse a la fuga. Los oficiales se percataron que a un costado del camino junto a la ci\u00e9naga ten\u00edan 3 monitores.<br \/>Al aceptar que eran c\u00f3mplices revelaron que en centro de la Plaza C\u00edvica de la escuela hab\u00edan dejado para llevarse 5 monitores, 9 teclados, 4 CPU, 1 reproductor DVD, 3 reguladores y 9 mouse.<br \/>Por la ma\u00f1ana, los elementos de la SSP informaron a la directora de la escuela Ninfa Caridad Esquivel Paredes de lo sucedido para que acudiera al Ministerio P\u00fablico a interponer la denuncia correspondiente.<br \/>En lo que se refiere a la motocicleta fue robada el pasado 6 de enero por V.A.C.D., en la calle 35 por 44 y 46 seg\u00fan denuncia interpuesta por su propietario.<br \/>Este mismo menor, reconoci\u00f3 haber participado en d\u00edas pasados en dos robos a casa habitaci\u00f3n, en la calle 29 por 26 y 28 de la colonia Benito Ju\u00e1rez sustrajo una laptop y una c\u00e1mara fotogr\u00e1fica las cuales vendi\u00f3 y en la calle 29 por 40 y 42 de la colonia Ismael Garc\u00eda se apoder\u00f3 de una compresora de aire que vendi\u00f3 al due\u00f1o de una llantera.<\/p>\n<\/div>\n","protected":false},"excerpt":{"rendered":"<p>Son menores de edad, pero les gusta robar a tres jovencitos de Progreso. Ya fueron detenidos por elementos de la Secretar\u00eda de Seguridad P\u00fablica en la madrugada. Ellos son V.A.C.D.,<\/p>\n","protected":false},"author":1,"featured_media":27538,"comment_status":"open","ping_status":"open","sticky":false,"template":"","format":"standard","meta":{"jetpack_post_was_ever_published":false,"_jetpack_newsletter_access":"","_jetpack_dont_email_post_to_subs":false,"_jetpack_newsletter_tier_id":0,"_jetpack_memberships_contains_paywalled_content":false,"_jetpack_memberships_contains_paid_content":false,"footnotes":"","jetpack_publicize_message":"","jetpack_publicize_feature_enabled":true,"jetpack_social_post_already_shared":false,"jetpack_social_options":{"image_generator_settings":{"template":"highway","default_image_id":0,"font":"","enabled":false},"version":2}},"categories":[45,3,1],"tags":[],"class_list":["post-8813","post","type-post","status-publish","format-standard","has-post-thumbnail","hentry","category-delincuentes-vip","category-portada","category-sin-categoria"],"jetpack_publicize_connections":[],"jetpack_featured_media_url":"https:\/\/formalprision.com\/wp-content\/uploads\/2011\/01\/GetAttachment%5B1%5D3.jpg","jetpack_sharing_enabled":true,"jetpack_shortlink":"https:\/\/wp.me\/p6id8p-2i9","_links":{"self":[{"href":"https:\/\/formalprision.com\/index.php?rest_route=\/wp\/v2\/posts\/8813","targetHints":{"allow":["GET"]}}],"collection":[{"href":"https:\/\/formalprision.com\/index.php?rest_route=\/wp\/v2\/posts"}],"about":[{"href":"https:\/\/formalprision.com\/index.php?rest_route=\/wp\/v2\/types\/post"}],"author":[{"embeddable":true,"href":"https:\/\/formalprision.com\/index.php?rest_route=\/wp\/v2\/users\/1"}],"replies":[{"embeddable":true,"href":"https:\/\/formalprision.com\/index.php?rest_route=%2Fwp%2Fv2%2Fcomments&post=8813"}],"version-history":[{"count":0,"href":"https:\/\/formalprision.com\/index.php?rest_route=\/wp\/v2\/posts\/8813\/revisions"}],"wp:featuredmedia":[{"embeddable":true,"href":"https:\/\/formalprision.com\/index.php?rest_route=\/wp\/v2\/media\/27538"}],"wp:attachment":[{"href":"https:\/\/formalprision.com\/index.php?rest_route=%2Fwp%2Fv2%2Fmedia&parent=8813"}],"wp:term":[{"taxonomy":"category","embeddable":true,"href":"https:\/\/formalprision.com\/index.php?rest_route=%2Fwp%2Fv2%2Fcategories&post=8813"},{"taxonomy":"post_tag","embeddable":true,"href":"https:\/\/formalprision.com\/index.php?rest_route=%2Fwp%2Fv2%2Ftags&post=8813"}],"curies":[{"name":"wp","href":"https:\/\/api.w.org\/{rel}","templated":true}]}}