{"id":8819,"date":"2011-01-16T17:55:00","date_gmt":"2011-01-16T17:55:00","guid":{"rendered":"http:\/\/formalprision.info\/2011\/01\/16\/homicidio-en-chablekal-hay-tres\/"},"modified":"2015-06-03T08:59:04","modified_gmt":"2015-06-03T08:59:04","slug":"homicidio-en-chablekal-hay-tres","status":"publish","type":"post","link":"https:\/\/formalprision.com\/?p=8819","title":{"rendered":"Homicidio en Chablekal; hay tres detenidos"},"content":{"rendered":"<p><a href=\"http:\/\/4.bp.blogspot.com\/_QwiJz8zwaOw\/TTMxtD3CoOI\/AAAAAAAACXE\/T-3UeUdjnY0\/s1600\/GetAttachment%255B2%255D.jpg\"><img decoding=\"async\" id=\"BLOGGER_PHOTO_ID_5562844614932734178\" style=\"FLOAT: left; MARGIN: 0px 10px 10px 0px; WIDTH: 220px; CURSOR: hand; HEIGHT: 122px\" alt=\"\" src=\"http:\/\/formalprision.com\/wp-content\/uploads\/2011\/01\/GetAttachment%5B2%5D4.jpg\" border=\"0\" \/><\/a><\/p>\n<div>Elementos de la Secretar\u00eda de Seguridad P\u00fablica capturaron anoche en la comisar\u00eda de Chablekal a dos hombres y una mujer que momentos antes atacaron a dos j\u00f3venes de 23 a\u00f1os de edad, uno de los cuales muri\u00f3 en el lugar de los hechos y el otro result\u00f3 con lesiones.<br \/>Los polic\u00edas estatales lograron la aprehensi\u00f3n de Carol Ivette Koyoc Chal\u00e9, Jos\u00e9 Miguel \u00c1ngel Dzul Canch\u00e9 y Jes\u00fas Valent\u00edn Canto Medina, de 24, 24 y 21 a\u00f1os, respectivamente, que tras el crimen se ocultaron en un predio particular de la poblaci\u00f3n; pero no pudieron evadir el operativo de b\u00fasqueda establecido por la SSP.<br \/>Los detenidos inger\u00edan bebidas embriagantes en la calle 27 por 18 de Chablekal, cuando aproximadamente a las 20:00 horas pasaron caminando junto a ellos Jos\u00e9 C\u00e9sar Cohu\u00f3 Nieves y su primo Mario Alberto Cohu\u00f3 Dzul, a quienes agredieron verbal y f\u00edsicamente.<br \/>En un momento del ataque, Canto Medina sac\u00f3 un cuchillo con el que propin\u00f3 varias heridas a Cohu\u00f3 Nieves y Cohu\u00f3 Dzul, ocasionando la muerte del primero, seg\u00fan relat\u00f3 su acompa\u00f1ante, que fue trasladado al hospital O\u00b4Hor\u00e1n por la ambulancia 21-H de la SSP.<br \/>La Polic\u00eda Estatal mont\u00f3 un operativo para localizar a los delincuentes que pronto dio resultado. Fueron detenidos en un predio sin n\u00famero de la calle 26 por 25 y 27 de la misma localidad por elementos asignados a la vigilancia de comisar\u00edas, que con autorizaci\u00f3n del due\u00f1o del predio los sacaron para llevarlos a la c\u00e1rcel p\u00fablica.<br \/>Asimismo, los uniformados aseguraron el arma con la que se cometi\u00f3 el crimen y una motocicleta con placa 1-GHZ-7 en la que hab\u00edan huido y trataban de esconder; en la motocicleta ten\u00edan colgado un bulto en cuyo interior hab\u00eda otro cuchillo.<\/div>\n","protected":false},"excerpt":{"rendered":"<p>Elementos de la Secretar\u00eda de Seguridad P\u00fablica capturaron anoche en la comisar\u00eda de Chablekal a dos hombres y una mujer que momentos antes atacaron a dos j\u00f3venes de 23 a\u00f1os<\/p>\n","protected":false},"author":1,"featured_media":27549,"comment_status":"open","ping_status":"open","sticky":false,"template":"","format":"standard","meta":{"jetpack_post_was_ever_published":false,"_jetpack_newsletter_access":"","_jetpack_dont_email_post_to_subs":false,"_jetpack_newsletter_tier_id":0,"_jetpack_memberships_contains_paywalled_content":false,"_jetpack_memberships_contains_paid_content":false,"footnotes":"","jetpack_publicize_message":"","jetpack_publicize_feature_enabled":true,"jetpack_social_post_already_shared":false,"jetpack_social_options":{"image_generator_settings":{"template":"highway","default_image_id":0,"font":"","enabled":false},"version":2}},"categories":[59,3,1],"tags":[],"class_list":["post-8819","post","type-post","status-publish","format-standard","has-post-thumbnail","hentry","category-asesinos","category-portada","category-sin-categoria"],"jetpack_publicize_connections":[],"jetpack_featured_media_url":"https:\/\/formalprision.com\/wp-content\/uploads\/2011\/01\/GetAttachment%5B2%5D4.jpg","jetpack_sharing_enabled":true,"jetpack_shortlink":"https:\/\/wp.me\/p6id8p-2if","_links":{"self":[{"href":"https:\/\/formalprision.com\/index.php?rest_route=\/wp\/v2\/posts\/8819","targetHints":{"allow":["GET"]}}],"collection":[{"href":"https:\/\/formalprision.com\/index.php?rest_route=\/wp\/v2\/posts"}],"about":[{"href":"https:\/\/formalprision.com\/index.php?rest_route=\/wp\/v2\/types\/post"}],"author":[{"embeddable":true,"href":"https:\/\/formalprision.com\/index.php?rest_route=\/wp\/v2\/users\/1"}],"replies":[{"embeddable":true,"href":"https:\/\/formalprision.com\/index.php?rest_route=%2Fwp%2Fv2%2Fcomments&post=8819"}],"version-history":[{"count":0,"href":"https:\/\/formalprision.com\/index.php?rest_route=\/wp\/v2\/posts\/8819\/revisions"}],"wp:featuredmedia":[{"embeddable":true,"href":"https:\/\/formalprision.com\/index.php?rest_route=\/wp\/v2\/media\/27549"}],"wp:attachment":[{"href":"https:\/\/formalprision.com\/index.php?rest_route=%2Fwp%2Fv2%2Fmedia&parent=8819"}],"wp:term":[{"taxonomy":"category","embeddable":true,"href":"https:\/\/formalprision.com\/index.php?rest_route=%2Fwp%2Fv2%2Fcategories&post=8819"},{"taxonomy":"post_tag","embeddable":true,"href":"https:\/\/formalprision.com\/index.php?rest_route=%2Fwp%2Fv2%2Ftags&post=8819"}],"curies":[{"name":"wp","href":"https:\/\/api.w.org\/{rel}","templated":true}]}}