{"id":8822,"date":"2011-01-15T18:45:00","date_gmt":"2011-01-15T18:45:00","guid":{"rendered":"http:\/\/formalprision.info\/2011\/01\/15\/paga-35000-y-sale-libre-la-maestra\/"},"modified":"2015-06-03T08:59:04","modified_gmt":"2015-06-03T08:59:04","slug":"paga-35000-y-sale-libre-la-maestra","status":"publish","type":"post","link":"https:\/\/formalprision.com\/?p=8822","title":{"rendered":"Paga $35,000 y sale libre la maestra acusada de golpear a su alumno"},"content":{"rendered":"<p><a href=\"http:\/\/2.bp.blogspot.com\/_QwiJz8zwaOw\/TTHsTN6ihQI\/AAAAAAAACWs\/vtOII0wXC6M\/s1600\/aaalorena%255B1%255D.jpg\"><img decoding=\"async\" id=\"BLOGGER_PHOTO_ID_5562486829676135682\" style=\"FLOAT: left; MARGIN: 0px 10px 10px 0px; WIDTH: 213px; CURSOR: hand; HEIGHT: 320px\" alt=\"\" src=\"http:\/\/formalprision.com\/wp-content\/uploads\/2011\/01\/aaalorena%5B1%5D.jpg\" border=\"0\" \/><\/a><\/p>\n<div>Despu\u00e9s de rendir su declaraci\u00f3n preparatoria, en la que neg\u00f3 los hechos, la directora delk\u00ednder de Progreso acusada de golpear a un alumno con autismo recuper\u00f3 su libertad bajo fianza.<\/div>\n<p><\/p>\n<div>La maestra Lorena Alicia Remes Heredia, directora del jard\u00edn de ni\u00f1os \u201cMundo de Juguete\u201d, pag\u00f3 $35,000 de fianza.<\/div>\n<p><\/p>\n<div>Su defensor, Juan G\u00f3ngora Puerto, solicit\u00f3 la libertad provisional bajo fianza, pero el juicio seguir\u00e1.<\/div>\n<p><\/p>\n<div>Ella afirm\u00f3 que los cargos que se le atribuyen son falsos, dijo que en ning\u00fan momento agredi\u00f3 al peque\u00f1o y que los testigos que deponen en su contra apenas trabajaron unos meses en el plantel.<\/div>\n<p><\/p>\n<div>Se le acus\u00f3 de violencia intrafamiliar equiparada denunciada por Rogelio Manuel Crespo Torres, padre del menor afectado.<\/div>\n<p><\/p>\n<div><\/div>\n","protected":false},"excerpt":{"rendered":"<p>Despu\u00e9s de rendir su declaraci\u00f3n preparatoria, en la que neg\u00f3 los hechos, la directora delk\u00ednder de Progreso acusada de golpear a un alumno con autismo recuper\u00f3 su libertad bajo fianza.<\/p>\n","protected":false},"author":1,"featured_media":27555,"comment_status":"open","ping_status":"open","sticky":false,"template":"","format":"standard","meta":{"jetpack_post_was_ever_published":false,"_jetpack_newsletter_access":"","_jetpack_dont_email_post_to_subs":false,"_jetpack_newsletter_tier_id":0,"_jetpack_memberships_contains_paywalled_content":false,"_jetpack_memberships_contains_paid_content":false,"footnotes":"","jetpack_publicize_message":"","jetpack_publicize_feature_enabled":true,"jetpack_social_post_already_shared":false,"jetpack_social_options":{"image_generator_settings":{"template":"highway","default_image_id":0,"font":"","enabled":false},"version":2}},"categories":[3,1,53],"tags":[],"class_list":["post-8822","post","type-post","status-publish","format-standard","has-post-thumbnail","hentry","category-portada","category-sin-categoria","category-yo-no-fui"],"jetpack_publicize_connections":[],"jetpack_featured_media_url":"https:\/\/formalprision.com\/wp-content\/uploads\/2011\/01\/aaalorena%5B1%5D.jpg","jetpack_sharing_enabled":true,"jetpack_shortlink":"https:\/\/wp.me\/p6id8p-2ii","_links":{"self":[{"href":"https:\/\/formalprision.com\/index.php?rest_route=\/wp\/v2\/posts\/8822","targetHints":{"allow":["GET"]}}],"collection":[{"href":"https:\/\/formalprision.com\/index.php?rest_route=\/wp\/v2\/posts"}],"about":[{"href":"https:\/\/formalprision.com\/index.php?rest_route=\/wp\/v2\/types\/post"}],"author":[{"embeddable":true,"href":"https:\/\/formalprision.com\/index.php?rest_route=\/wp\/v2\/users\/1"}],"replies":[{"embeddable":true,"href":"https:\/\/formalprision.com\/index.php?rest_route=%2Fwp%2Fv2%2Fcomments&post=8822"}],"version-history":[{"count":0,"href":"https:\/\/formalprision.com\/index.php?rest_route=\/wp\/v2\/posts\/8822\/revisions"}],"wp:featuredmedia":[{"embeddable":true,"href":"https:\/\/formalprision.com\/index.php?rest_route=\/wp\/v2\/media\/27555"}],"wp:attachment":[{"href":"https:\/\/formalprision.com\/index.php?rest_route=%2Fwp%2Fv2%2Fmedia&parent=8822"}],"wp:term":[{"taxonomy":"category","embeddable":true,"href":"https:\/\/formalprision.com\/index.php?rest_route=%2Fwp%2Fv2%2Fcategories&post=8822"},{"taxonomy":"post_tag","embeddable":true,"href":"https:\/\/formalprision.com\/index.php?rest_route=%2Fwp%2Fv2%2Ftags&post=8822"}],"curies":[{"name":"wp","href":"https:\/\/api.w.org\/{rel}","templated":true}]}}