{"id":8825,"date":"2011-01-14T19:32:00","date_gmt":"2011-01-14T19:32:00","guid":{"rendered":"http:\/\/formalprision.info\/2011\/01\/14\/detenida-directora-de-un-kinder-por\/"},"modified":"2015-06-03T08:59:05","modified_gmt":"2015-06-03T08:59:05","slug":"detenida-directora-de-un-kinder-por","status":"publish","type":"post","link":"https:\/\/formalprision.com\/?p=8825","title":{"rendered":"Detenida directora de un K\u00ednder por agredir a un ni\u00f1o autista"},"content":{"rendered":"<p><a href=\"http:\/\/4.bp.blogspot.com\/_QwiJz8zwaOw\/TTDBA2VC4UI\/AAAAAAAACWc\/6FlLj4D1Awk\/s1600\/pic%255B3%255D.jpg\"><img decoding=\"async\" id=\"BLOGGER_PHOTO_ID_5562157760130507074\" style=\"FLOAT: left; MARGIN: 0px 10px 10px 0px; WIDTH: 200px; CURSOR: hand; HEIGHT: 150px\" alt=\"\" src=\"http:\/\/formalprision.com\/wp-content\/uploads\/2011\/01\/pic%5B3%5D.jpg\" border=\"0\" \/><\/a><\/p>\n<div>En cumplimiento de una orden de aprehensi\u00f3n otorgada por el Juez Cuarto Penal, agentes de la Polic\u00eda Judicial capturaron a Lorena Alicia Remes Heredia, de 52 a\u00f1os de edad, directora de un k\u00ednder acusada de agredir a un ni\u00f1o autista.<br \/>Los hechos fueron denunciados por R. R. C. R., padre del menor afectado, en cuya denuncia se asienta que su hijo padece de autismo medio y acude al k\u00ednder denominado \u201cMundo de Juguetes\u201d, del municipio de Progreso, en donde la inculpada, quien se desempe\u00f1a como directora, lo habr\u00eda agredido f\u00edsicamente.<br \/>En el expediente se indica que los hechos ocurrieron el 29 de septiembre del 2009, cuando el peque\u00f1o, quien contaba en ese entonces con cinco a\u00f1os de edad, se encontraba en el sal\u00f3n de clases y comenz\u00f3 a gritar, por lo que la directora de la instituci\u00f3n le pidi\u00f3 a la encargada de cuidar al ni\u00f1o que lo sacara para que se calmara, pero \u00e9sta se neg\u00f3 porque sab\u00eda que esa no era la forma de tranquilizar al menor.<br \/>Ante la negativa de la ni\u00f1era, Remes Heredia le solicit\u00f3 a gritos que sacara al peque\u00f1o y fue entonces cuando \u00e9ste se aproxim\u00f3 a ella y la pate\u00f3 en su pantorrilla, pero la directora lo sujet\u00f3 de los brazos, le peg\u00f3 en el est\u00f3mago y en la espalda y, posteriormente se dirigi\u00f3 a los dem\u00e1s alumnos, a quienes les dijo que el menor afectado era un ni\u00f1o mal educado y enfermo.<br \/>El padre del menor agraviado tambi\u00e9n se\u00f1al\u00f3 en su denuncia, que la encargada de cuidar al ni\u00f1o le inform\u00f3 los hechos y por ello acudieron al Ministerio P\u00fablico a interponer la denuncia correspondiente que deriv\u00f3 en la orden de aprehensi\u00f3n en contra de Remes Heredia, quien ya se encuentra en el Penal.<\/div>\n","protected":false},"excerpt":{"rendered":"<p>En cumplimiento de una orden de aprehensi\u00f3n otorgada por el Juez Cuarto Penal, agentes de la Polic\u00eda Judicial capturaron a Lorena Alicia Remes Heredia, de 52 a\u00f1os de edad, directora<\/p>\n","protected":false},"author":1,"featured_media":27561,"comment_status":"open","ping_status":"open","sticky":false,"template":"","format":"standard","meta":{"jetpack_post_was_ever_published":false,"_jetpack_newsletter_access":"","_jetpack_dont_email_post_to_subs":false,"_jetpack_newsletter_tier_id":0,"_jetpack_memberships_contains_paywalled_content":false,"_jetpack_memberships_contains_paid_content":false,"footnotes":"","jetpack_publicize_message":"","jetpack_publicize_feature_enabled":true,"jetpack_social_post_already_shared":false,"jetpack_social_options":{"image_generator_settings":{"template":"highway","default_image_id":0,"font":"","enabled":false},"version":2}},"categories":[48,3,1],"tags":[],"class_list":["post-8825","post","type-post","status-publish","format-standard","has-post-thumbnail","hentry","category-pecadoras","category-portada","category-sin-categoria"],"jetpack_publicize_connections":[],"jetpack_featured_media_url":"https:\/\/formalprision.com\/wp-content\/uploads\/2011\/01\/pic%5B3%5D.jpg","jetpack_sharing_enabled":true,"jetpack_shortlink":"https:\/\/wp.me\/p6id8p-2il","_links":{"self":[{"href":"https:\/\/formalprision.com\/index.php?rest_route=\/wp\/v2\/posts\/8825","targetHints":{"allow":["GET"]}}],"collection":[{"href":"https:\/\/formalprision.com\/index.php?rest_route=\/wp\/v2\/posts"}],"about":[{"href":"https:\/\/formalprision.com\/index.php?rest_route=\/wp\/v2\/types\/post"}],"author":[{"embeddable":true,"href":"https:\/\/formalprision.com\/index.php?rest_route=\/wp\/v2\/users\/1"}],"replies":[{"embeddable":true,"href":"https:\/\/formalprision.com\/index.php?rest_route=%2Fwp%2Fv2%2Fcomments&post=8825"}],"version-history":[{"count":0,"href":"https:\/\/formalprision.com\/index.php?rest_route=\/wp\/v2\/posts\/8825\/revisions"}],"wp:featuredmedia":[{"embeddable":true,"href":"https:\/\/formalprision.com\/index.php?rest_route=\/wp\/v2\/media\/27561"}],"wp:attachment":[{"href":"https:\/\/formalprision.com\/index.php?rest_route=%2Fwp%2Fv2%2Fmedia&parent=8825"}],"wp:term":[{"taxonomy":"category","embeddable":true,"href":"https:\/\/formalprision.com\/index.php?rest_route=%2Fwp%2Fv2%2Fcategories&post=8825"},{"taxonomy":"post_tag","embeddable":true,"href":"https:\/\/formalprision.com\/index.php?rest_route=%2Fwp%2Fv2%2Ftags&post=8825"}],"curies":[{"name":"wp","href":"https:\/\/api.w.org\/{rel}","templated":true}]}}