{"id":8843,"date":"2011-01-09T19:01:00","date_gmt":"2011-01-09T19:01:00","guid":{"rendered":"http:\/\/formalprision.info\/2011\/01\/09\/cae-banda-que-prostituia-menores-en\/"},"modified":"2015-06-03T08:59:08","modified_gmt":"2015-06-03T08:59:08","slug":"cae-banda-que-prostituia-menores-en","status":"publish","type":"post","link":"https:\/\/formalprision.com\/?p=8843","title":{"rendered":"Cae banda que prostitu\u00eda menores en M\u00e9rida"},"content":{"rendered":"<p><a href=\"http:\/\/1.bp.blogspot.com\/_QwiJz8zwaOw\/TSoG6QlXQjI\/AAAAAAAACUM\/X5IO4DvhQ1Q\/s1600\/GetAttachment%255B2%255D.jpg\"><img decoding=\"async\" id=\"BLOGGER_PHOTO_ID_5560264287896158770\" style=\"FLOAT: left; MARGIN: 0px 10px 10px 0px; WIDTH: 220px; CURSOR: hand; HEIGHT: 146px\" alt=\"\" src=\"http:\/\/formalprision.com\/wp-content\/uploads\/2011\/01\/GetAttachment%5B2%5D6.jpg\" border=\"0\" \/><\/a><\/p>\n<div>La Procuradur\u00eda General de Justicia del Estado present\u00f3 a 9 detenidos de una banda dedicada a la prostituci\u00f3n de menores, entre los que se encuentran 8 integrantes del grupo delictivo y 1 sujeto perteneciente a su cartera de clientes<br \/>Por el delito de Corrupci\u00f3n de Menores e Incapaces y trata de menores, los 9 detenidos fueron arraigados ayer mismo.<\/div>\n<p><\/p>\n<div>El Procurador del Estado, Lic. H\u00e9ctor Cabrera Rivera, anunci\u00f3 el desmantelamiento de esta organizaci\u00f3n delictiva y present\u00f3 formalmente a los 9 sujetos arraigados, explicando tambi\u00e9n el modus operandi de estos delincuentes, quienes identificaban a las menores de edad a las afueras de sus escuelas, principalmente bachilleres, para posteriormente engancharlas con \u00abdinero f\u00e1cil\u00bb, producto de los servicios sexuales que estos ofrec\u00edan.<br \/>Los detenidos son; David Olivera A\u00f1orver, Yeni Marisol Sol\u00eds Polanco, Ninive de Jes\u00fas, C\u00e1mara Sol\u00eds, Josu\u00e9 Agust\u00edn Monima Uc, Jos\u00e9 Fernando Ju\u00e1rez Herrera (a) NAOMI, Silvia Deyanira Acosta Polanco, Jhonatan Ren\u00e9 Gonz\u00e1lez Acosta, Josu\u00e9 Arcides Sol\u00eds Polanco y, su cliente, Jos\u00e9 Luis Flores L\u00f3pez.<br \/>Cabe destacar que durante la investigaci\u00f3n y r\u00e1pida intervenci\u00f3n de la Polic\u00eda Judicial del Estado, efectuada tras la denuncia presentada ante el Ministerio P\u00fablico por la madre de una de las menores reclutadas, se asegur\u00f3 tambi\u00e9n un veh\u00edculo que utilizaban para el traslado de las j\u00f3venes, as\u00ed como tel\u00e9fonos celulares con im\u00e1genes expl\u00edcitas de las j\u00f3venes, que intercambiaban con sus clientes para ofrecer los servicios de \u00e9stas. <\/div>\n","protected":false},"excerpt":{"rendered":"<p>La Procuradur\u00eda General de Justicia del Estado present\u00f3 a 9 detenidos de una banda dedicada a la prostituci\u00f3n de menores, entre los que se encuentran 8 integrantes del grupo delictivo<\/p>\n","protected":false},"author":1,"featured_media":27594,"comment_status":"open","ping_status":"open","sticky":false,"template":"","format":"standard","meta":{"jetpack_post_was_ever_published":false,"_jetpack_newsletter_access":"","_jetpack_dont_email_post_to_subs":false,"_jetpack_newsletter_tier_id":0,"_jetpack_memberships_contains_paywalled_content":false,"_jetpack_memberships_contains_paid_content":false,"footnotes":"","jetpack_publicize_message":"","jetpack_publicize_feature_enabled":true,"jetpack_social_post_already_shared":false,"jetpack_social_options":{"image_generator_settings":{"template":"highway","default_image_id":0,"font":"","enabled":false},"version":2}},"categories":[45,48,3,1],"tags":[],"class_list":["post-8843","post","type-post","status-publish","format-standard","has-post-thumbnail","hentry","category-delincuentes-vip","category-pecadoras","category-portada","category-sin-categoria"],"jetpack_publicize_connections":[],"jetpack_featured_media_url":"https:\/\/formalprision.com\/wp-content\/uploads\/2011\/01\/GetAttachment%5B2%5D6.jpg","jetpack_sharing_enabled":true,"jetpack_shortlink":"https:\/\/wp.me\/p6id8p-2iD","_links":{"self":[{"href":"https:\/\/formalprision.com\/index.php?rest_route=\/wp\/v2\/posts\/8843","targetHints":{"allow":["GET"]}}],"collection":[{"href":"https:\/\/formalprision.com\/index.php?rest_route=\/wp\/v2\/posts"}],"about":[{"href":"https:\/\/formalprision.com\/index.php?rest_route=\/wp\/v2\/types\/post"}],"author":[{"embeddable":true,"href":"https:\/\/formalprision.com\/index.php?rest_route=\/wp\/v2\/users\/1"}],"replies":[{"embeddable":true,"href":"https:\/\/formalprision.com\/index.php?rest_route=%2Fwp%2Fv2%2Fcomments&post=8843"}],"version-history":[{"count":0,"href":"https:\/\/formalprision.com\/index.php?rest_route=\/wp\/v2\/posts\/8843\/revisions"}],"wp:featuredmedia":[{"embeddable":true,"href":"https:\/\/formalprision.com\/index.php?rest_route=\/wp\/v2\/media\/27594"}],"wp:attachment":[{"href":"https:\/\/formalprision.com\/index.php?rest_route=%2Fwp%2Fv2%2Fmedia&parent=8843"}],"wp:term":[{"taxonomy":"category","embeddable":true,"href":"https:\/\/formalprision.com\/index.php?rest_route=%2Fwp%2Fv2%2Fcategories&post=8843"},{"taxonomy":"post_tag","embeddable":true,"href":"https:\/\/formalprision.com\/index.php?rest_route=%2Fwp%2Fv2%2Ftags&post=8843"}],"curies":[{"name":"wp","href":"https:\/\/api.w.org\/{rel}","templated":true}]}}