{"id":8848,"date":"2011-01-07T15:25:00","date_gmt":"2011-01-07T15:25:00","guid":{"rendered":"http:\/\/formalprision.info\/2011\/01\/07\/buscan-en-yucatan-los-peligrosos-reos\/"},"modified":"2015-06-03T08:59:08","modified_gmt":"2015-06-03T08:59:08","slug":"buscan-en-yucatan-los-peligrosos-reos","status":"publish","type":"post","link":"https:\/\/formalprision.com\/?p=8848","title":{"rendered":"Buscan en Yucat\u00e1n a los peligrosos reos evadidos en Canc\u00fain"},"content":{"rendered":"<p><a href=\"http:\/\/2.bp.blogspot.com\/_QwiJz8zwaOw\/TSX7UNoetXI\/AAAAAAAACS0\/KClmxQt6pNY\/s1600\/8227_3%255B1%255D.jpg\"><img decoding=\"async\" id=\"BLOGGER_PHOTO_ID_5559125639734146418\" style=\"FLOAT: left; MARGIN: 0px 10px 10px 0px; WIDTH: 189px; CURSOR: hand; HEIGHT: 142px\" alt=\"\" src=\"http:\/\/formalprision.com\/wp-content\/uploads\/2011\/01\/8227_3%5B1%5D.jpg\" border=\"0\" \/><\/a><\/p>\n<div>La fuga de reos peligrosos en Canc\u00fan motiv\u00f3 que la Secretar\u00eda de Seguridad P\u00fablica de Yucat\u00e1n reforzar\u00e1 su presencia en la frontera con Quintana Roo.<\/div>\n<p><\/p>\n<div>Tambi\u00e9n se dispuso de mayor control en los retenes de la carretera a Canc\u00fan, en los acceos a Valladolid y M\u00e9rida.<\/div>\n<p><\/p>\n<div>la SSP tiene ya las fotograf\u00edas de los sujetos a fin de que sus agentes puedan detenerlos si los ven por territorio yucateco<\/div>\n<p><\/p>\n<div>La Procuradur\u00eda General de Justicia del Estado tambi\u00e9n fue notificada para tratar de localizar a los sujetos.<\/div>\n<div>Los reos fugados son el colombiano Bortel leber Archibold, acusado de narcotr\u00e1fico; el cubano Onel Ernesto del Sol Valdez, acusado de tr\u00e1fico de indocumentados; el mexicano Alejandro Guzm\u00e1n Nambo, secuestrador pertenenciente a una c\u00e9lula de \u00abLos Zetas\u00bb y finalmente Antonio Aquino y Jonnhy Eduardo Rodr\u00edguez Manrique, tambi\u00e9nmexicanos, pero ellos acusados de robos.<\/div>\n<div>Aguilar Nambo fue detenido junto con los sicarios Jos\u00e9 Luis P\u00e9rez Molina, alias \u00abLa Pulga\u00bb e Ismael D\u00edaz Alor, alias \u00abEl Negrito\u00bb, con quienes aparece en esta imagen tomada durante la presentaci\u00f3nd e los capturados en Quintana Roo.<\/div>\n<div><\/div>\n","protected":false},"excerpt":{"rendered":"<p>La fuga de reos peligrosos en Canc\u00fan motiv\u00f3 que la Secretar\u00eda de Seguridad P\u00fablica de Yucat\u00e1n reforzar\u00e1 su presencia en la frontera con Quintana Roo. Tambi\u00e9n se dispuso de mayor<\/p>\n","protected":false},"author":1,"featured_media":27604,"comment_status":"open","ping_status":"open","sticky":false,"template":"","format":"standard","meta":{"jetpack_post_was_ever_published":false,"_jetpack_newsletter_access":"","_jetpack_dont_email_post_to_subs":false,"_jetpack_newsletter_tier_id":0,"_jetpack_memberships_contains_paywalled_content":false,"_jetpack_memberships_contains_paid_content":false,"footnotes":"","jetpack_publicize_message":"","jetpack_publicize_feature_enabled":true,"jetpack_social_post_already_shared":false,"jetpack_social_options":{"image_generator_settings":{"template":"highway","default_image_id":0,"font":"","enabled":false},"version":2}},"categories":[45,3,1],"tags":[],"class_list":["post-8848","post","type-post","status-publish","format-standard","has-post-thumbnail","hentry","category-delincuentes-vip","category-portada","category-sin-categoria"],"jetpack_publicize_connections":[],"jetpack_featured_media_url":"https:\/\/formalprision.com\/wp-content\/uploads\/2011\/01\/8227_3%5B1%5D.jpg","jetpack_sharing_enabled":true,"jetpack_shortlink":"https:\/\/wp.me\/p6id8p-2iI","_links":{"self":[{"href":"https:\/\/formalprision.com\/index.php?rest_route=\/wp\/v2\/posts\/8848","targetHints":{"allow":["GET"]}}],"collection":[{"href":"https:\/\/formalprision.com\/index.php?rest_route=\/wp\/v2\/posts"}],"about":[{"href":"https:\/\/formalprision.com\/index.php?rest_route=\/wp\/v2\/types\/post"}],"author":[{"embeddable":true,"href":"https:\/\/formalprision.com\/index.php?rest_route=\/wp\/v2\/users\/1"}],"replies":[{"embeddable":true,"href":"https:\/\/formalprision.com\/index.php?rest_route=%2Fwp%2Fv2%2Fcomments&post=8848"}],"version-history":[{"count":0,"href":"https:\/\/formalprision.com\/index.php?rest_route=\/wp\/v2\/posts\/8848\/revisions"}],"wp:featuredmedia":[{"embeddable":true,"href":"https:\/\/formalprision.com\/index.php?rest_route=\/wp\/v2\/media\/27604"}],"wp:attachment":[{"href":"https:\/\/formalprision.com\/index.php?rest_route=%2Fwp%2Fv2%2Fmedia&parent=8848"}],"wp:term":[{"taxonomy":"category","embeddable":true,"href":"https:\/\/formalprision.com\/index.php?rest_route=%2Fwp%2Fv2%2Fcategories&post=8848"},{"taxonomy":"post_tag","embeddable":true,"href":"https:\/\/formalprision.com\/index.php?rest_route=%2Fwp%2Fv2%2Ftags&post=8848"}],"curies":[{"name":"wp","href":"https:\/\/api.w.org\/{rel}","templated":true}]}}