{"id":8851,"date":"2011-01-06T21:05:00","date_gmt":"2011-01-06T21:05:00","guid":{"rendered":"http:\/\/formalprision.info\/2011\/01\/06\/arraigados-homicidas-de-san-sebastian\/"},"modified":"2015-06-03T08:59:09","modified_gmt":"2015-06-03T08:59:09","slug":"arraigados-homicidas-de-san-sebastian","status":"publish","type":"post","link":"https:\/\/formalprision.com\/?p=8851","title":{"rendered":"Arraigados homicidas de San Sebasti\u00e1n"},"content":{"rendered":"<p><a href=\"http:\/\/4.bp.blogspot.com\/_QwiJz8zwaOw\/TSYvmWgy6OI\/AAAAAAAACTM\/5FwCnHppHbY\/s1600\/aaaaprocus.jpg\"><img decoding=\"async\" id=\"BLOGGER_PHOTO_ID_5559183125960124642\" style=\"FLOAT: left; MARGIN: 0px 10px 10px 0px; WIDTH: 102px; CURSOR: hand; HEIGHT: 102px\" alt=\"\" src=\"http:\/\/formalprision.com\/wp-content\/uploads\/2011\/01\/aaaaprocus.jpg\" border=\"0\" \/><\/a><\/p>\n<div>Esta ma\u00f1ana, la Procuradur\u00eda General de Justicia del Estado solicit\u00f3 y obtuvo el arraigo de Edwin Manuel Mena Canto y V\u00edctor Manuel Mena Canto, acusados de asesinar a una persona en el rumbo de San Sebasti\u00e1n.<\/div>\n<p><\/p>\n<div>Las constancias que integran la solicitud de arraigo se\u00f1alan que el pasado 24 de diciembre alrededor de las 22:00 horas, Francisco Javier Dom\u00ednguez Chi y Carlos \u00c1ngel Villaraos G\u00f3mez. fueron agredidos f\u00edsicamente en el predio 576-C de la calle 73 entre 76 y 78, del barrio de San Sebasti\u00e1n, en donde se encontraban ingiriendo bebidas embriagantes.<br \/>De acuerdo con el expediente, la agresi\u00f3n se suscit\u00f3 cuando Edwin y Victor Mena Canto, irrumpieron de forma violenta en el referido inmueble, con tubos y palos en mano, y comenzaron a golpear a Dom\u00ednguez Chi y a Villaraos G\u00f3mez en la cabeza y en varias partes del cuerpo hasta dejarlos inertes, para luego retirarse del lugar.<br \/>Debido a los golpes, Dom\u00ednguez Chi fue ingresado al Hospital O\u2019Hor\u00e1n, en donde posteriormente falleci\u00f3 a consecuencia de sus lesiones, mientras que el denunciante, Villaraos G\u00f3mez, result\u00f3 lesionado. <\/div>\n","protected":false},"excerpt":{"rendered":"<p>Esta ma\u00f1ana, la Procuradur\u00eda General de Justicia del Estado solicit\u00f3 y obtuvo el arraigo de Edwin Manuel Mena Canto y V\u00edctor Manuel Mena Canto, acusados de asesinar a una persona<\/p>\n","protected":false},"author":1,"featured_media":27610,"comment_status":"open","ping_status":"open","sticky":false,"template":"","format":"standard","meta":{"jetpack_post_was_ever_published":false,"_jetpack_newsletter_access":"","_jetpack_dont_email_post_to_subs":false,"_jetpack_newsletter_tier_id":0,"_jetpack_memberships_contains_paywalled_content":false,"_jetpack_memberships_contains_paid_content":false,"footnotes":"","jetpack_publicize_message":"","jetpack_publicize_feature_enabled":true,"jetpack_social_post_already_shared":false,"jetpack_social_options":{"image_generator_settings":{"template":"highway","default_image_id":0,"font":"","enabled":false},"version":2}},"categories":[59,3,1],"tags":[],"class_list":["post-8851","post","type-post","status-publish","format-standard","has-post-thumbnail","hentry","category-asesinos","category-portada","category-sin-categoria"],"jetpack_publicize_connections":[],"jetpack_featured_media_url":"https:\/\/formalprision.com\/wp-content\/uploads\/2011\/01\/aaaaprocus.jpg","jetpack_sharing_enabled":true,"jetpack_shortlink":"https:\/\/wp.me\/p6id8p-2iL","_links":{"self":[{"href":"https:\/\/formalprision.com\/index.php?rest_route=\/wp\/v2\/posts\/8851","targetHints":{"allow":["GET"]}}],"collection":[{"href":"https:\/\/formalprision.com\/index.php?rest_route=\/wp\/v2\/posts"}],"about":[{"href":"https:\/\/formalprision.com\/index.php?rest_route=\/wp\/v2\/types\/post"}],"author":[{"embeddable":true,"href":"https:\/\/formalprision.com\/index.php?rest_route=\/wp\/v2\/users\/1"}],"replies":[{"embeddable":true,"href":"https:\/\/formalprision.com\/index.php?rest_route=%2Fwp%2Fv2%2Fcomments&post=8851"}],"version-history":[{"count":0,"href":"https:\/\/formalprision.com\/index.php?rest_route=\/wp\/v2\/posts\/8851\/revisions"}],"wp:featuredmedia":[{"embeddable":true,"href":"https:\/\/formalprision.com\/index.php?rest_route=\/wp\/v2\/media\/27610"}],"wp:attachment":[{"href":"https:\/\/formalprision.com\/index.php?rest_route=%2Fwp%2Fv2%2Fmedia&parent=8851"}],"wp:term":[{"taxonomy":"category","embeddable":true,"href":"https:\/\/formalprision.com\/index.php?rest_route=%2Fwp%2Fv2%2Fcategories&post=8851"},{"taxonomy":"post_tag","embeddable":true,"href":"https:\/\/formalprision.com\/index.php?rest_route=%2Fwp%2Fv2%2Ftags&post=8851"}],"curies":[{"name":"wp","href":"https:\/\/api.w.org\/{rel}","templated":true}]}}