{"id":8853,"date":"2011-01-06T17:55:00","date_gmt":"2011-01-06T17:55:00","guid":{"rendered":"http:\/\/formalprision.info\/2011\/01\/06\/neblina-causa-aparatoso-choque-en-el-mar\/"},"modified":"2015-06-03T08:59:09","modified_gmt":"2015-06-03T08:59:09","slug":"neblina-causa-aparatoso-choque-en-el-mar","status":"publish","type":"post","link":"https:\/\/formalprision.com\/?p=8853","title":{"rendered":"Neblina causa aparatoso choque en el mar"},"content":{"rendered":"<p><a href=\"http:\/\/4.bp.blogspot.com\/_QwiJz8zwaOw\/TSYC71X4iKI\/AAAAAAAACS8\/bnMz5EMCpP8\/s1600\/ales2%255B1%255D.jpg\"><img decoding=\"async\" id=\"BLOGGER_PHOTO_ID_5559134016998246562\" style=\"FLOAT: left; MARGIN: 0px 10px 10px 0px; WIDTH: 400px; CURSOR: hand; HEIGHT: 300px\" alt=\"\" src=\"http:\/\/formalprision.com\/wp-content\/uploads\/2011\/01\/ales2%5B1%5D.jpg\" border=\"0\" \/><\/a><\/p>\n<div>Como si el mar no fuera suficientemente grande, dos embarcaciones pesqueras chocaron en las costas de Chelem, causando amplia movilizaci\u00f3n polic\u00edaca y de ambulancias<\/div>\n<p><\/p>\n<div>El saldo de la colisi\u00f3n fue de dos pescadores lesionados, incluyendo a un menor de edad.<\/div>\n<p><\/p>\n<div>El accidente se registr\u00f3 alrededor de las 8 de la ma\u00f1ana frente a las costas de Chelem, cuando la embarcaci\u00f3n pesquera \u00abJuan Carlos\u00bb de 25 pies de eslora colision\u00f3 a toda velocidad un alijo que estaba fondeado frente a las costas, con dos pescadores a bordo.<\/div>\n<p><\/p>\n<div>Al parecer por la neblina, los pescadores de la \u00abJuan Carlos\u00bb, en donde viajaban C\u00e9sar May y su patr\u00f3n que solo fue identificado como \u00abEl Chino\u00bb, no lograron divisar el alijo fondeado y pr\u00e1cticamente lo destruyeron, lesionando gravemente a los dos pasajeros identificados hasta el momento como Jos\u00e9 Antonio Balam Lara y Mario L\u00f3pez Balam, de 25 y 13 a\u00f1os, respectivamente, quienes resultaron con fracturas expuestas de la pierna y tobillo derecho y numerosos golpes tras el impacto.<\/div>\n<p><\/p>\n<div>Los tripulantes de la lancha de 25 pies de eslora auxiliaron a los lesionados del alijo y se trasladaron de inmediato a los muelles de La Caleta para pedir apoyo. <\/div>\n<div>Sin embargo, el patr\u00f3n de la lancha \u00abJuan Carlos\u00bb se \u00abdesapareci\u00f3\u00bb durante el intenso movimiento de patrullas y ambulancias que llegaron al sitio para auxiliar a los lesionados, al parecer para no responder por el problema que caus\u00f3.<\/div>\n<div>Los dos pescadores lastimados fueron trasladados al Hospital O&#8217;Hor\u00e1n de M\u00e9rida.<\/div>\n<div>La Capitan\u00eda de Puerto mantiene vigilancia en la zona de la Caleta y resguarda la embarcaci\u00f3n que ocasion\u00f3 el percance. (tomado del portal ProgresoHoy.com <a class=\"addthis_button_twitter at300b\" title=\"Tweet This\" target=\"_blank\" ost=\"1\" at_titled=\"1\" noh=\"1\"><\/a><\/div>\n","protected":false},"excerpt":{"rendered":"<p>Como si el mar no fuera suficientemente grande, dos embarcaciones pesqueras chocaron en las costas de Chelem, causando amplia movilizaci\u00f3n polic\u00edaca y de ambulancias El saldo de la colisi\u00f3n fue<\/p>\n","protected":false},"author":1,"featured_media":27614,"comment_status":"open","ping_status":"open","sticky":false,"template":"","format":"standard","meta":{"jetpack_post_was_ever_published":false,"_jetpack_newsletter_access":"","_jetpack_dont_email_post_to_subs":false,"_jetpack_newsletter_tier_id":0,"_jetpack_memberships_contains_paywalled_content":false,"_jetpack_memberships_contains_paid_content":false,"footnotes":"","jetpack_publicize_message":"","jetpack_publicize_feature_enabled":true,"jetpack_social_post_already_shared":false,"jetpack_social_options":{"image_generator_settings":{"template":"highway","default_image_id":0,"font":"","enabled":false},"version":2}},"categories":[60,3,1],"tags":[],"class_list":["post-8853","post","type-post","status-publish","format-standard","has-post-thumbnail","hentry","category-cafres","category-portada","category-sin-categoria"],"jetpack_publicize_connections":[],"jetpack_featured_media_url":"https:\/\/formalprision.com\/wp-content\/uploads\/2011\/01\/ales2%5B1%5D.jpg","jetpack_sharing_enabled":true,"jetpack_shortlink":"https:\/\/wp.me\/p6id8p-2iN","_links":{"self":[{"href":"https:\/\/formalprision.com\/index.php?rest_route=\/wp\/v2\/posts\/8853","targetHints":{"allow":["GET"]}}],"collection":[{"href":"https:\/\/formalprision.com\/index.php?rest_route=\/wp\/v2\/posts"}],"about":[{"href":"https:\/\/formalprision.com\/index.php?rest_route=\/wp\/v2\/types\/post"}],"author":[{"embeddable":true,"href":"https:\/\/formalprision.com\/index.php?rest_route=\/wp\/v2\/users\/1"}],"replies":[{"embeddable":true,"href":"https:\/\/formalprision.com\/index.php?rest_route=%2Fwp%2Fv2%2Fcomments&post=8853"}],"version-history":[{"count":0,"href":"https:\/\/formalprision.com\/index.php?rest_route=\/wp\/v2\/posts\/8853\/revisions"}],"wp:featuredmedia":[{"embeddable":true,"href":"https:\/\/formalprision.com\/index.php?rest_route=\/wp\/v2\/media\/27614"}],"wp:attachment":[{"href":"https:\/\/formalprision.com\/index.php?rest_route=%2Fwp%2Fv2%2Fmedia&parent=8853"}],"wp:term":[{"taxonomy":"category","embeddable":true,"href":"https:\/\/formalprision.com\/index.php?rest_route=%2Fwp%2Fv2%2Fcategories&post=8853"},{"taxonomy":"post_tag","embeddable":true,"href":"https:\/\/formalprision.com\/index.php?rest_route=%2Fwp%2Fv2%2Ftags&post=8853"}],"curies":[{"name":"wp","href":"https:\/\/api.w.org\/{rel}","templated":true}]}}