{"id":8885,"date":"2010-12-30T16:55:00","date_gmt":"2010-12-30T16:55:00","guid":{"rendered":"http:\/\/formalprision.info\/2010\/12\/30\/una-veladora-la-causante-del-morta\/"},"modified":"2015-06-03T08:59:17","modified_gmt":"2015-06-03T08:59:17","slug":"una-veladora-la-causante-del-morta","status":"publish","type":"post","link":"https:\/\/formalprision.com\/?p=8885","title":{"rendered":"Una veladora, la causante del mortal incendio de la f\u00e1brica de carros aleg\u00f3ricos"},"content":{"rendered":"<p><a href=\"http:\/\/3.bp.blogspot.com\/_QwiJz8zwaOw\/TRy6I6o9g5I\/AAAAAAAACO0\/v2OVTkzISaI\/s1600\/GetAttachment%255B2%255D%255B1%255D.jpg\"><img decoding=\"async\" id=\"BLOGGER_PHOTO_ID_5556520702611129234\" style=\"FLOAT: left; MARGIN: 0px 10px 10px 0px; WIDTH: 220px; CURSOR: hand; HEIGHT: 146px\" alt=\"\" src=\"http:\/\/formalprision.com\/wp-content\/uploads\/2010\/12\/GetAttachment%5B2%5D%5B1%5D.jpg\" border=\"0\" \/><\/a><\/p>\n<div>Una veladora encendida fue la causante del incendio registrado ayer por la madrugada en una f\u00e1brica de carros aleg\u00f3ricos.<\/div>\n<p><\/p>\n<div>La Procuradur\u00eda General de Justicia del Estado inform\u00f3 que el \u00fanico sobreviviente de la tragedia relat\u00f3 que \u00e9l y sus dos compa\u00f1eros dejaron encendida una veladora  la noche anterior y \u00e9sta caus\u00f3 el siniestro al caerse y prender el material almacenado.<\/div>\n<p><\/p>\n<div>El sobrwviviente, Samuel Pech Cocom, compa\u00f1ero de trabajo de los occisos. manifest\u00f3 que despu\u00e9s de realizar su jornadas de trabajo como artesanos se quedan a dormir en dicha bodega y que el martes a las 21:00 horas, encendieron una veladora para luego acostarse a dormir por lo que al pasar las horas sinti\u00f3 olor a humo en el interior del cuarto donde dorm\u00eda.<\/div>\n<div>Se levant\u00f3 de inmediato y se percato que hab\u00eda llamas y al salir de dicho lugar se hab\u00eda quemado diversas partes del cuerpo y debido a que la bodega se hab\u00eda colapsado, impidi\u00f3 que sus compa\u00f1eros los ahora occisos salieran del lugar.<\/div>\n<p><\/p>\n<div>Por la gravedad de sus lesiones fue trasladado al HOH. <\/div>\n","protected":false},"excerpt":{"rendered":"<p>Una veladora encendida fue la causante del incendio registrado ayer por la madrugada en una f\u00e1brica de carros aleg\u00f3ricos. La Procuradur\u00eda General de Justicia del Estado inform\u00f3 que el \u00fanico<\/p>\n","protected":false},"author":1,"featured_media":27674,"comment_status":"open","ping_status":"open","sticky":false,"template":"","format":"standard","meta":{"jetpack_post_was_ever_published":false,"_jetpack_newsletter_access":"","_jetpack_dont_email_post_to_subs":false,"_jetpack_newsletter_tier_id":0,"_jetpack_memberships_contains_paywalled_content":false,"_jetpack_memberships_contains_paid_content":false,"footnotes":"","jetpack_publicize_message":"","jetpack_publicize_feature_enabled":true,"jetpack_social_post_already_shared":false,"jetpack_social_options":{"image_generator_settings":{"template":"highway","default_image_id":0,"font":"","enabled":false},"version":2}},"categories":[56,3,1],"tags":[],"class_list":["post-8885","post","type-post","status-publish","format-standard","has-post-thumbnail","hentry","category-incendios","category-portada","category-sin-categoria"],"jetpack_publicize_connections":[],"jetpack_featured_media_url":"https:\/\/formalprision.com\/wp-content\/uploads\/2010\/12\/GetAttachment%5B2%5D%5B1%5D.jpg","jetpack_sharing_enabled":true,"jetpack_shortlink":"https:\/\/wp.me\/p6id8p-2jj","_links":{"self":[{"href":"https:\/\/formalprision.com\/index.php?rest_route=\/wp\/v2\/posts\/8885","targetHints":{"allow":["GET"]}}],"collection":[{"href":"https:\/\/formalprision.com\/index.php?rest_route=\/wp\/v2\/posts"}],"about":[{"href":"https:\/\/formalprision.com\/index.php?rest_route=\/wp\/v2\/types\/post"}],"author":[{"embeddable":true,"href":"https:\/\/formalprision.com\/index.php?rest_route=\/wp\/v2\/users\/1"}],"replies":[{"embeddable":true,"href":"https:\/\/formalprision.com\/index.php?rest_route=%2Fwp%2Fv2%2Fcomments&post=8885"}],"version-history":[{"count":0,"href":"https:\/\/formalprision.com\/index.php?rest_route=\/wp\/v2\/posts\/8885\/revisions"}],"wp:featuredmedia":[{"embeddable":true,"href":"https:\/\/formalprision.com\/index.php?rest_route=\/wp\/v2\/media\/27674"}],"wp:attachment":[{"href":"https:\/\/formalprision.com\/index.php?rest_route=%2Fwp%2Fv2%2Fmedia&parent=8885"}],"wp:term":[{"taxonomy":"category","embeddable":true,"href":"https:\/\/formalprision.com\/index.php?rest_route=%2Fwp%2Fv2%2Fcategories&post=8885"},{"taxonomy":"post_tag","embeddable":true,"href":"https:\/\/formalprision.com\/index.php?rest_route=%2Fwp%2Fv2%2Ftags&post=8885"}],"curies":[{"name":"wp","href":"https:\/\/api.w.org\/{rel}","templated":true}]}}