{"id":8889,"date":"2010-12-29T17:52:00","date_gmt":"2010-12-29T17:52:00","guid":{"rendered":"http:\/\/formalprision.info\/2010\/12\/29\/de-progreso-y-bolonchen-campeche-las\/"},"modified":"2015-06-03T08:59:17","modified_gmt":"2015-06-03T08:59:17","slug":"de-progreso-y-bolonchen-campeche-las","status":"publish","type":"post","link":"https:\/\/formalprision.com\/?p=8889","title":{"rendered":"De Progreso y Bolonch\u00e9n, Campeche, las v\u00edctimas del incendio de esta madrugada"},"content":{"rendered":"<p><a href=\"http:\/\/4.bp.blogspot.com\/_QwiJz8zwaOw\/TRt2SqmM5QI\/AAAAAAAACOU\/QWkRdsHS7Ho\/s1600\/GetAttachment%255B2%255D.jpg\"><img decoding=\"async\" id=\"BLOGGER_PHOTO_ID_5556164628335879426\" style=\"FLOAT: left; MARGIN: 0px 10px 10px 0px; WIDTH: 220px; CURSOR: hand; HEIGHT: 146px\" alt=\"\" src=\"http:\/\/formalprision.com\/wp-content\/uploads\/2010\/12\/GetAttachment%5B2%5D.jpg\" border=\"0\" \/><\/a><\/p>\n<div>Los trabajadores que perdieron la vida en el incendio de esta madrugada fueron identificados como Rafael Puc originario de Bolonch\u00e9n, Campeche y Gabino Canch\u00e9 de Progreso, de 48 y 55 a\u00f1os de edad, respectivamente.<\/div>\n<p><\/p>\n<div>Ellos se encontraban en el interior de la bodega de 15 metros de frente y 40 metros de fondo.<\/div>\n<p><\/p>\n<div>Samuel Pech Cocom de 47 a\u00f1os con quemaduras de segundo grado en regi\u00f3n facial, en ambas manos y empeine del pie derecho.<\/div>\n<p><\/p>\n<div>Fue trasladado al Hospital Agust\u00edn O\u00b4Hor\u00e1n a bordo de la ambulancia 21-C a cargo de los param\u00e9dicos Manuel Arag\u00f3n Avenda\u00f1o Addy Cetz Mar\u00edn y Esmirna Chan Pech . El lesionado tambi\u00e9n es originario de Bolonch\u00e9n , Campeche.<\/div>\n<p><\/p>\n<div>Trabajaron combatiendo el incendio las unidades 731, 746, 793,797, 800, 829, 830, 831, y 832 de la Direcci\u00f3n de Siniestros y Rescate. Al llegar tuvieron que romper el candado para ingresar al lugar.<br \/>En el incendio se quemaron figuras de pl\u00e1stico, fibra de vidrio, nieve seca, pinturas, m\u00e1quinas de soldar, anaqueles, solventes, herramientas. Se desconoce las causas que originaron el fuego.<br \/>Tambi\u00e9n acudieron al lugar para apoyar la labor polic\u00edas y param\u00e9dicos de la SSP con las ambulancias 21-D y 21-J.<br \/>Como apoyo para apagar el fuego llegaron 4 pipas de Servicios Municipales del Ayuntamiento de M\u00e9rida.<\/p>\n<\/div>\n","protected":false},"excerpt":{"rendered":"<p>Los trabajadores que perdieron la vida en el incendio de esta madrugada fueron identificados como Rafael Puc originario de Bolonch\u00e9n, Campeche y Gabino Canch\u00e9 de Progreso, de 48 y 55<\/p>\n","protected":false},"author":1,"featured_media":27682,"comment_status":"open","ping_status":"open","sticky":false,"template":"","format":"standard","meta":{"jetpack_post_was_ever_published":false,"_jetpack_newsletter_access":"","_jetpack_dont_email_post_to_subs":false,"_jetpack_newsletter_tier_id":0,"_jetpack_memberships_contains_paywalled_content":false,"_jetpack_memberships_contains_paid_content":false,"footnotes":"","jetpack_publicize_message":"","jetpack_publicize_feature_enabled":true,"jetpack_social_post_already_shared":false,"jetpack_social_options":{"image_generator_settings":{"template":"highway","default_image_id":0,"font":"","enabled":false},"version":2}},"categories":[56,44,3,1],"tags":[],"class_list":["post-8889","post","type-post","status-publish","format-standard","has-post-thumbnail","hentry","category-incendios","category-morgue","category-portada","category-sin-categoria"],"jetpack_publicize_connections":[],"jetpack_featured_media_url":"https:\/\/formalprision.com\/wp-content\/uploads\/2010\/12\/GetAttachment%5B2%5D.jpg","jetpack_sharing_enabled":true,"jetpack_shortlink":"https:\/\/wp.me\/p6id8p-2jn","_links":{"self":[{"href":"https:\/\/formalprision.com\/index.php?rest_route=\/wp\/v2\/posts\/8889","targetHints":{"allow":["GET"]}}],"collection":[{"href":"https:\/\/formalprision.com\/index.php?rest_route=\/wp\/v2\/posts"}],"about":[{"href":"https:\/\/formalprision.com\/index.php?rest_route=\/wp\/v2\/types\/post"}],"author":[{"embeddable":true,"href":"https:\/\/formalprision.com\/index.php?rest_route=\/wp\/v2\/users\/1"}],"replies":[{"embeddable":true,"href":"https:\/\/formalprision.com\/index.php?rest_route=%2Fwp%2Fv2%2Fcomments&post=8889"}],"version-history":[{"count":0,"href":"https:\/\/formalprision.com\/index.php?rest_route=\/wp\/v2\/posts\/8889\/revisions"}],"wp:featuredmedia":[{"embeddable":true,"href":"https:\/\/formalprision.com\/index.php?rest_route=\/wp\/v2\/media\/27682"}],"wp:attachment":[{"href":"https:\/\/formalprision.com\/index.php?rest_route=%2Fwp%2Fv2%2Fmedia&parent=8889"}],"wp:term":[{"taxonomy":"category","embeddable":true,"href":"https:\/\/formalprision.com\/index.php?rest_route=%2Fwp%2Fv2%2Fcategories&post=8889"},{"taxonomy":"post_tag","embeddable":true,"href":"https:\/\/formalprision.com\/index.php?rest_route=%2Fwp%2Fv2%2Ftags&post=8889"}],"curies":[{"name":"wp","href":"https:\/\/api.w.org\/{rel}","templated":true}]}}