{"id":8891,"date":"2010-12-29T10:28:00","date_gmt":"2010-12-29T10:28:00","guid":{"rendered":"http:\/\/formalprision.info\/2010\/12\/29\/tragico-incendio-en-fabrica-de-carros\/"},"modified":"2015-06-03T08:59:18","modified_gmt":"2015-06-03T08:59:18","slug":"tragico-incendio-en-fabrica-de-carros","status":"publish","type":"post","link":"https:\/\/formalprision.com\/?p=8891","title":{"rendered":"Tr\u00e1gico incendio en f\u00e1brica de carros aleg\u00f3ricos en M\u00e9rida"},"content":{"rendered":"<p><a href=\"http:\/\/4.bp.blogspot.com\/_QwiJz8zwaOw\/TRtb5Px2qyI\/AAAAAAAACOE\/Knqsu1fZmyY\/s1600\/GetAttachment%255B1%255D.jpg\"><img decoding=\"async\" id=\"BLOGGER_PHOTO_ID_5556135604337945378\" style=\"FLOAT: left; MARGIN: 0px 10px 10px 0px; WIDTH: 220px; CURSOR: hand; HEIGHT: 148px\" alt=\"\" src=\"http:\/\/formalprision.com\/wp-content\/uploads\/2010\/12\/GetAttachment%5B1%5D.jpg\" border=\"0\" \/><\/a><\/p>\n<div>Un incendio en la f\u00e1brica de carros aleg\u00f3ricos a la salida a Caucel<br \/>caus\u00f3 esta madrugada intensa movilizaci\u00f3n<br \/>Los primeros reportes hablan de dos personas muertas, que luego se confirm\u00f3 eran empleados de la empresa particular que realizaba los trabajos en el lugar.<\/div>\n<p><\/p>\n<div>Tambi\u00e9n hubo otro empledo con quemaduras graves, pero \u00e9ste logr\u00f3 llegar con vida a un hospital.<\/div>\n<p><\/p>\n<div>lo confirman las autoridades.<br \/>El incendio se registr\u00f3 en las instalaciones donde se fabrican los<br \/>carros aleg\u00f3ricos que usa el Ayuntamiento en los carnavales de la<br \/>ciudad<br \/>Para combatir el fuego, la SSP dispuso del cierre a la circulaci\u00f3n de<br \/>la v\u00eda a Caucel.<br \/>El titular de la SSP, Luis Said\u00e9n, estuvo en el lugar de los hechos<\/div>\n","protected":false},"excerpt":{"rendered":"<p>Un incendio en la f\u00e1brica de carros aleg\u00f3ricos a la salida a Caucelcaus\u00f3 esta madrugada intensa movilizaci\u00f3nLos primeros reportes hablan de dos personas muertas, que luego se confirm\u00f3 eran empleados<\/p>\n","protected":false},"author":1,"featured_media":27686,"comment_status":"open","ping_status":"open","sticky":false,"template":"","format":"standard","meta":{"jetpack_post_was_ever_published":false,"_jetpack_newsletter_access":"","_jetpack_dont_email_post_to_subs":false,"_jetpack_newsletter_tier_id":0,"_jetpack_memberships_contains_paywalled_content":false,"_jetpack_memberships_contains_paid_content":false,"footnotes":"","jetpack_publicize_message":"","jetpack_publicize_feature_enabled":true,"jetpack_social_post_already_shared":false,"jetpack_social_options":{"image_generator_settings":{"template":"highway","default_image_id":0,"font":"","enabled":false},"version":2}},"categories":[56,3,1],"tags":[],"class_list":["post-8891","post","type-post","status-publish","format-standard","has-post-thumbnail","hentry","category-incendios","category-portada","category-sin-categoria"],"jetpack_publicize_connections":[],"jetpack_featured_media_url":"https:\/\/formalprision.com\/wp-content\/uploads\/2010\/12\/GetAttachment%5B1%5D.jpg","jetpack_sharing_enabled":true,"jetpack_shortlink":"https:\/\/wp.me\/p6id8p-2jp","_links":{"self":[{"href":"https:\/\/formalprision.com\/index.php?rest_route=\/wp\/v2\/posts\/8891","targetHints":{"allow":["GET"]}}],"collection":[{"href":"https:\/\/formalprision.com\/index.php?rest_route=\/wp\/v2\/posts"}],"about":[{"href":"https:\/\/formalprision.com\/index.php?rest_route=\/wp\/v2\/types\/post"}],"author":[{"embeddable":true,"href":"https:\/\/formalprision.com\/index.php?rest_route=\/wp\/v2\/users\/1"}],"replies":[{"embeddable":true,"href":"https:\/\/formalprision.com\/index.php?rest_route=%2Fwp%2Fv2%2Fcomments&post=8891"}],"version-history":[{"count":0,"href":"https:\/\/formalprision.com\/index.php?rest_route=\/wp\/v2\/posts\/8891\/revisions"}],"wp:featuredmedia":[{"embeddable":true,"href":"https:\/\/formalprision.com\/index.php?rest_route=\/wp\/v2\/media\/27686"}],"wp:attachment":[{"href":"https:\/\/formalprision.com\/index.php?rest_route=%2Fwp%2Fv2%2Fmedia&parent=8891"}],"wp:term":[{"taxonomy":"category","embeddable":true,"href":"https:\/\/formalprision.com\/index.php?rest_route=%2Fwp%2Fv2%2Fcategories&post=8891"},{"taxonomy":"post_tag","embeddable":true,"href":"https:\/\/formalprision.com\/index.php?rest_route=%2Fwp%2Fv2%2Ftags&post=8891"}],"curies":[{"name":"wp","href":"https:\/\/api.w.org\/{rel}","templated":true}]}}