{"id":8919,"date":"2010-12-22T18:30:00","date_gmt":"2010-12-22T18:30:00","guid":{"rendered":"http:\/\/formalprision.info\/2010\/12\/22\/presidente-de-fundacion-produce\/"},"modified":"2015-06-03T08:59:25","modified_gmt":"2015-06-03T08:59:25","slug":"presidente-de-fundacion-produce","status":"publish","type":"post","link":"https:\/\/formalprision.com\/?p=8919","title":{"rendered":"Presidente de Fundaci\u00f3n Produce denuncia misterioso robo en sus oficinas"},"content":{"rendered":"<div><\/div>\n<div><\/p>\n<h1 style=\"margin-top: 24pt; margin-right: 0cm; margin-bottom: 0pt; margin-left: 0cm; \">PENAL<\/h1>\n<p>&nbsp;La Agencia Primera de la Procuradur\u00eda de Justicia del Estado abri\u00f3 la averiguaci\u00f3n previa&nbsp;<a href=\"tel:001863\/2010\" x-apple-data-detectors=\"true\">001863\/2010<\/a>&nbsp;contra quien resulte responsable de hechos posiblemente delictuosos en contra del presidente de la Fundaci\u00f3n Produce Yucat\u00e1n, Pedro Cabrera Quijano.Cabrera Quijano interpuso la denuncia penal a las 17:20 horas de este martes 21, para dejar constancia oficial de la serie de amenazas y ataques que ha recibido a ra\u00edz de sus denuncias p\u00fablicas de la ineficiencia y presunta corrupci\u00f3n en la Secretar\u00eda de Fomento Agropecuario y Pesquero del gobierno del Estado.La querella asienta que en sus oficinas particulares, ubicadas en la calle 19 No.104, entre 30 y 32 de la comisar\u00eda de Cholul, el fin de semana reciente fue roto el candado de la puerta met\u00e1lica al igual que el marco de madera de la puerta de acceso a su privado.En las oficinas, encontr\u00f3 las pertenencias revueltas y \u00fanicamente faltaba su computadora port\u00e1til color gris, marca Sony, tipo Vaio, la cual estaba en el escritorio del privado.La denuncia agrega: \u00ab\u2026Asimismo, quiero manifestar que desde el mes de septiembre del a\u00f1o en curso he estado recibiendo amenazas por mi tel\u00e9fono celular, en donde me dicen que me vaya con cuidado, porque algo malo me puede pasar, as\u00ed como que, despu\u00e9s de una gira de trabajo, de la Fundaci\u00f3n que presido, en&nbsp;&nbsp;la ciudad de Tizim\u00edn, al salir para abordar mi camioneta me percat\u00e9 que me hab\u00edan desinflado las dos llantas traseras de mi camioneta y me han estado hostigando con amenazas a mi persona y a mi familia, situaciones que he denunciado p\u00fablicamente en la prensa escrita\u00bb.\u00bbSiendo los hechos que ahora denuncio, me extra\u00f1\u00f3 que no se llevaron un equipo de sonido muy caro que tengo en las oficinas, y ninguna otra cosa: s\u00f3lo mi computadora port\u00e1til\u00bb.La Licda. Ver\u00f3nica Ramayo Chi, secretaria de la Agencia Primara del Ministerio P\u00fablico, puso a la vista del denunciante las dos fojas \u00fatiles de que consta la querella.<\/div>\n","protected":false},"excerpt":{"rendered":"<p>PENAL &nbsp;La Agencia Primera de la Procuradur\u00eda de Justicia del Estado abri\u00f3 la averiguaci\u00f3n previa&nbsp;001863\/2010&nbsp;contra quien resulte responsable de hechos posiblemente delictuosos en contra del presidente de la Fundaci\u00f3n Produce<\/p>\n","protected":false},"author":1,"featured_media":0,"comment_status":"open","ping_status":"open","sticky":false,"template":"","format":"standard","meta":{"jetpack_post_was_ever_published":false,"_jetpack_newsletter_access":"","_jetpack_dont_email_post_to_subs":false,"_jetpack_newsletter_tier_id":0,"_jetpack_memberships_contains_paywalled_content":false,"_jetpack_memberships_contains_paid_content":false,"footnotes":"","jetpack_publicize_message":"","jetpack_publicize_feature_enabled":true,"jetpack_social_post_already_shared":false,"jetpack_social_options":{"image_generator_settings":{"template":"highway","default_image_id":0,"font":"","enabled":false},"version":2}},"categories":[1],"tags":[],"class_list":["post-8919","post","type-post","status-publish","format-standard","hentry","category-sin-categoria"],"jetpack_publicize_connections":[],"jetpack_featured_media_url":"","jetpack_sharing_enabled":true,"jetpack_shortlink":"https:\/\/wp.me\/p6id8p-2jR","_links":{"self":[{"href":"https:\/\/formalprision.com\/index.php?rest_route=\/wp\/v2\/posts\/8919","targetHints":{"allow":["GET"]}}],"collection":[{"href":"https:\/\/formalprision.com\/index.php?rest_route=\/wp\/v2\/posts"}],"about":[{"href":"https:\/\/formalprision.com\/index.php?rest_route=\/wp\/v2\/types\/post"}],"author":[{"embeddable":true,"href":"https:\/\/formalprision.com\/index.php?rest_route=\/wp\/v2\/users\/1"}],"replies":[{"embeddable":true,"href":"https:\/\/formalprision.com\/index.php?rest_route=%2Fwp%2Fv2%2Fcomments&post=8919"}],"version-history":[{"count":0,"href":"https:\/\/formalprision.com\/index.php?rest_route=\/wp\/v2\/posts\/8919\/revisions"}],"wp:attachment":[{"href":"https:\/\/formalprision.com\/index.php?rest_route=%2Fwp%2Fv2%2Fmedia&parent=8919"}],"wp:term":[{"taxonomy":"category","embeddable":true,"href":"https:\/\/formalprision.com\/index.php?rest_route=%2Fwp%2Fv2%2Fcategories&post=8919"},{"taxonomy":"post_tag","embeddable":true,"href":"https:\/\/formalprision.com\/index.php?rest_route=%2Fwp%2Fv2%2Ftags&post=8919"}],"curies":[{"name":"wp","href":"https:\/\/api.w.org\/{rel}","templated":true}]}}