{"id":8936,"date":"2010-12-19T23:30:00","date_gmt":"2010-12-19T23:30:00","guid":{"rendered":"http:\/\/formalprision.info\/2010\/12\/19\/movilizacion-de-bomberos-por-incendio\/"},"modified":"2015-06-03T08:59:29","modified_gmt":"2015-06-03T08:59:29","slug":"movilizacion-de-bomberos-por-incendio","status":"publish","type":"post","link":"https:\/\/formalprision.com\/?p=8936","title":{"rendered":"Movilizaci\u00f3n de bomberos por incendio en terrenos de la planta Nachi Cocom de la CFE"},"content":{"rendered":"<p><a href=\"http:\/\/1.bp.blogspot.com\/_QwiJz8zwaOw\/TQ6W4wZlIkI\/AAAAAAAACI4\/YQ8oOKu8J9Q\/s1600\/GetAttachment%255B1%255D.jpg\"><img decoding=\"async\" id=\"BLOGGER_PHOTO_ID_5552541292403434050\" style=\"FLOAT: left; MARGIN: 0px 10px 10px 0px; WIDTH: 217px; CURSOR: hand; HEIGHT: 160px\" alt=\"\" src=\"http:\/\/formalprision.com\/wp-content\/uploads\/2010\/12\/GetAttachment%5B1%5D6.jpg\" border=\"0\" \/><\/a><\/p>\n<div>El incendio de un terreno baldi\u00f3 en la colonia Mayap\u00e1n moviliz\u00f3 a la polic\u00eda y a los bomberos esta tarde de domingo.<\/div>\n<p><\/p>\n<div>La movilizaci\u00f3n se dio porque el terreno se encuentra en las instalaciones de la planta de la CFE Nachicocom.<\/div>\n<p><\/p>\n<div>La columna de humo era visible varios kil\u00f3metros a la redonda, ya que en ese terreno hay llantas y otros objetos que generan humareda negra.<\/div>\n<p><\/p>\n<div>El incendio ocurri\u00f3 a las 5:20 de la tarde y hasta el sitio llegaron decenas de polic\u00edas y por lo menos cuatro unidades de los bomberos, que controlaron la situaci\u00f3n poco tiempo despu\u00e9s.<\/div>\n<p><\/p>\n<div>Los vecinos fueron quienes pidieron auxilio por temor a que el fuego llegara a las instalaciones vol\u00e1tiles de la CFE y causara una explosi\u00f3n o un incendio mayor, sobre todo por la tragedia de este d\u00eda en Puebla.<\/div>\n<div>La fotograf\u00eda fue tomada por el usuario de Twitter conocido como @Tulakacell<\/div>\n<p><\/p>\n<div><\/div>\n","protected":false},"excerpt":{"rendered":"<p>El incendio de un terreno baldi\u00f3 en la colonia Mayap\u00e1n moviliz\u00f3 a la polic\u00eda y a los bomberos esta tarde de domingo. La movilizaci\u00f3n se dio porque el terreno se<\/p>\n","protected":false},"author":1,"featured_media":27771,"comment_status":"open","ping_status":"open","sticky":false,"template":"","format":"standard","meta":{"jetpack_post_was_ever_published":false,"_jetpack_newsletter_access":"","_jetpack_dont_email_post_to_subs":false,"_jetpack_newsletter_tier_id":0,"_jetpack_memberships_contains_paywalled_content":false,"_jetpack_memberships_contains_paid_content":false,"footnotes":"","jetpack_publicize_message":"","jetpack_publicize_feature_enabled":true,"jetpack_social_post_already_shared":false,"jetpack_social_options":{"image_generator_settings":{"template":"highway","default_image_id":0,"font":"","enabled":false},"version":2}},"categories":[56,3,1],"tags":[],"class_list":["post-8936","post","type-post","status-publish","format-standard","has-post-thumbnail","hentry","category-incendios","category-portada","category-sin-categoria"],"jetpack_publicize_connections":[],"jetpack_featured_media_url":"https:\/\/formalprision.com\/wp-content\/uploads\/2010\/12\/GetAttachment%5B1%5D6.jpg","jetpack_sharing_enabled":true,"jetpack_shortlink":"https:\/\/wp.me\/p6id8p-2k8","_links":{"self":[{"href":"https:\/\/formalprision.com\/index.php?rest_route=\/wp\/v2\/posts\/8936","targetHints":{"allow":["GET"]}}],"collection":[{"href":"https:\/\/formalprision.com\/index.php?rest_route=\/wp\/v2\/posts"}],"about":[{"href":"https:\/\/formalprision.com\/index.php?rest_route=\/wp\/v2\/types\/post"}],"author":[{"embeddable":true,"href":"https:\/\/formalprision.com\/index.php?rest_route=\/wp\/v2\/users\/1"}],"replies":[{"embeddable":true,"href":"https:\/\/formalprision.com\/index.php?rest_route=%2Fwp%2Fv2%2Fcomments&post=8936"}],"version-history":[{"count":0,"href":"https:\/\/formalprision.com\/index.php?rest_route=\/wp\/v2\/posts\/8936\/revisions"}],"wp:featuredmedia":[{"embeddable":true,"href":"https:\/\/formalprision.com\/index.php?rest_route=\/wp\/v2\/media\/27771"}],"wp:attachment":[{"href":"https:\/\/formalprision.com\/index.php?rest_route=%2Fwp%2Fv2%2Fmedia&parent=8936"}],"wp:term":[{"taxonomy":"category","embeddable":true,"href":"https:\/\/formalprision.com\/index.php?rest_route=%2Fwp%2Fv2%2Fcategories&post=8936"},{"taxonomy":"post_tag","embeddable":true,"href":"https:\/\/formalprision.com\/index.php?rest_route=%2Fwp%2Fv2%2Ftags&post=8936"}],"curies":[{"name":"wp","href":"https:\/\/api.w.org\/{rel}","templated":true}]}}