{"id":8956,"date":"2010-12-14T19:35:00","date_gmt":"2010-12-14T19:35:00","guid":{"rendered":"http:\/\/formalprision.info\/2010\/12\/14\/octogenario-de-komchen-extraviado-a\/"},"modified":"2015-06-03T08:59:35","modified_gmt":"2015-06-03T08:59:35","slug":"octogenario-de-komchen-extraviado-a","status":"publish","type":"post","link":"https:\/\/formalprision.com\/?p=8956","title":{"rendered":"Octogenario de Komch\u00e9n extraviado al estilo Ver\u00f3nica Grajales"},"content":{"rendered":"<p><a href=\"http:\/\/3.bp.blogspot.com\/_QwiJz8zwaOw\/TQfJYEq9oDI\/AAAAAAAACGY\/IKZ3q_WOkSI\/s1600\/GetAttachment%255B1%255D.jpg\"><img decoding=\"async\" id=\"BLOGGER_PHOTO_ID_5550626481165410354\" style=\"FLOAT: left; MARGIN: 0px 10px 10px 0px; WIDTH: 220px; CURSOR: hand; HEIGHT: 143px\" alt=\"\" src=\"http:\/\/formalprision.com\/wp-content\/uploads\/2010\/12\/GetAttachment%5B1%5D8.jpg\" border=\"0\" \/><\/a><\/p>\n<div>Por si no fueran pocos los achaques y enfermedades que le aquejan a sus 82 a\u00f1os de edad, don MARCELINO ESTRELLA CANUL ahora anda perdido.<\/div>\n<p><\/p>\n<div>Se extravi\u00f3 el 13 de noviembre pasado, cuando sali\u00f3 de su casa en Komch\u00e9n.<\/div>\n<p><\/p>\n<div>Vest\u00eda camisa blanca de manga corta.. pantal\u00f3n negro, sombrero y chancletas Reebok.<\/div>\n<p><\/p>\n<div>Tiene problemas renales y necesita medicamentos, adem\u00e1s de que padece de lagunas mentales, por lo que a veces se le olvida todo, incluso que anda perdido.<\/div>\n<p><\/p>\n<div>Sali\u00f3 sin identificaci\u00f3n, por lo que es dif\u00edcil que responda cuando lo llaman por su nombre.<\/div>\n<p><\/p>\n<div>La situaci\u00f3n es muy complicada porque, aem\u00e1s, sus mejores cuates, que estar\u00edan dispuestos a salir a buscarlo, ya murieiron y otros andan en la parcela y no tienen internet como para enterarse que Don Marcelino anda perdido.<\/div>\n<p><\/p>\n<div>De todos modos si alguien lo reconoce en esta fotograf\u00eda, pues que haga el favor de avisar a la Procuradur\u00eda de la Defensa del Menor y la Familia al tel\u00e9fono <\/div>\n<p><\/p>\n<div>9 29 83 75 EXT.123 \u00f3 122. <\/div>\n","protected":false},"excerpt":{"rendered":"<p>Por si no fueran pocos los achaques y enfermedades que le aquejan a sus 82 a\u00f1os de edad, don MARCELINO ESTRELLA CANUL ahora anda perdido. Se extravi\u00f3 el 13 de<\/p>\n","protected":false},"author":1,"featured_media":27810,"comment_status":"open","ping_status":"open","sticky":false,"template":"","format":"standard","meta":{"jetpack_post_was_ever_published":false,"_jetpack_newsletter_access":"","_jetpack_dont_email_post_to_subs":false,"_jetpack_newsletter_tier_id":0,"_jetpack_memberships_contains_paywalled_content":false,"_jetpack_memberships_contains_paid_content":false,"footnotes":"","jetpack_publicize_message":"","jetpack_publicize_feature_enabled":true,"jetpack_social_post_already_shared":false,"jetpack_social_options":{"image_generator_settings":{"template":"highway","default_image_id":0,"font":"","enabled":false},"version":2}},"categories":[3,58,1],"tags":[],"class_list":["post-8956","post","type-post","status-publish","format-standard","has-post-thumbnail","hentry","category-portada","category-rescates","category-sin-categoria"],"jetpack_publicize_connections":[],"jetpack_featured_media_url":"https:\/\/formalprision.com\/wp-content\/uploads\/2010\/12\/GetAttachment%5B1%5D8.jpg","jetpack_sharing_enabled":true,"jetpack_shortlink":"https:\/\/wp.me\/p6id8p-2ks","_links":{"self":[{"href":"https:\/\/formalprision.com\/index.php?rest_route=\/wp\/v2\/posts\/8956","targetHints":{"allow":["GET"]}}],"collection":[{"href":"https:\/\/formalprision.com\/index.php?rest_route=\/wp\/v2\/posts"}],"about":[{"href":"https:\/\/formalprision.com\/index.php?rest_route=\/wp\/v2\/types\/post"}],"author":[{"embeddable":true,"href":"https:\/\/formalprision.com\/index.php?rest_route=\/wp\/v2\/users\/1"}],"replies":[{"embeddable":true,"href":"https:\/\/formalprision.com\/index.php?rest_route=%2Fwp%2Fv2%2Fcomments&post=8956"}],"version-history":[{"count":0,"href":"https:\/\/formalprision.com\/index.php?rest_route=\/wp\/v2\/posts\/8956\/revisions"}],"wp:featuredmedia":[{"embeddable":true,"href":"https:\/\/formalprision.com\/index.php?rest_route=\/wp\/v2\/media\/27810"}],"wp:attachment":[{"href":"https:\/\/formalprision.com\/index.php?rest_route=%2Fwp%2Fv2%2Fmedia&parent=8956"}],"wp:term":[{"taxonomy":"category","embeddable":true,"href":"https:\/\/formalprision.com\/index.php?rest_route=%2Fwp%2Fv2%2Fcategories&post=8956"},{"taxonomy":"post_tag","embeddable":true,"href":"https:\/\/formalprision.com\/index.php?rest_route=%2Fwp%2Fv2%2Ftags&post=8956"}],"curies":[{"name":"wp","href":"https:\/\/api.w.org\/{rel}","templated":true}]}}