{"id":8968,"date":"2010-12-12T04:32:00","date_gmt":"2010-12-12T04:32:00","guid":{"rendered":"http:\/\/formalprision.info\/2010\/12\/12\/muere-guiador-en-volcadura-nocturna-en\/"},"modified":"2015-06-03T08:59:37","modified_gmt":"2015-06-03T08:59:37","slug":"muere-guiador-en-volcadura-nocturna-en","status":"publish","type":"post","link":"https:\/\/formalprision.com\/?p=8968","title":{"rendered":"Muere guiador en volcadura nocturna en Montecristo"},"content":{"rendered":"<p>Termin\u00f3 mal el s\u00e1bado en M\u00e9rida cuando el conductor de una camioneta<br \/>falleci\u00f3 al volcarse en Montecristo.<br \/>El accidente ocurri\u00f3 a las 0:20 de la noche cerca del colegio Cumbres.<br \/>El guiador de una camioneta Ford F150 perdi\u00f3 el control del volante y<br \/>golpe\u00f3 un veh\u00edculo estacionado, lo que propici\u00f3 que terminara<br \/>volcado en el estacionamiento de una peque\u00f1a plaza comercial.<br \/>El guiador de edad avanzada, muri\u00f3 instant\u00e1neamente.<br \/>No ha sido identificado<\/p>\n","protected":false},"excerpt":{"rendered":"<p>Termin\u00f3 mal el s\u00e1bado en M\u00e9rida cuando el conductor de una camionetafalleci\u00f3 al volcarse en Montecristo.El accidente ocurri\u00f3 a las 0:20 de la noche cerca del colegio Cumbres.El guiador de<\/p>\n","protected":false},"author":1,"featured_media":0,"comment_status":"open","ping_status":"open","sticky":false,"template":"","format":"standard","meta":{"jetpack_post_was_ever_published":false,"_jetpack_newsletter_access":"","_jetpack_dont_email_post_to_subs":false,"_jetpack_newsletter_tier_id":0,"_jetpack_memberships_contains_paywalled_content":false,"_jetpack_memberships_contains_paid_content":false,"footnotes":"","jetpack_publicize_message":"","jetpack_publicize_feature_enabled":true,"jetpack_social_post_already_shared":false,"jetpack_social_options":{"image_generator_settings":{"template":"highway","default_image_id":0,"font":"","enabled":false},"version":2}},"categories":[60,3,1],"tags":[],"class_list":["post-8968","post","type-post","status-publish","format-standard","hentry","category-cafres","category-portada","category-sin-categoria"],"jetpack_publicize_connections":[],"jetpack_featured_media_url":"","jetpack_sharing_enabled":true,"jetpack_shortlink":"https:\/\/wp.me\/p6id8p-2kE","_links":{"self":[{"href":"https:\/\/formalprision.com\/index.php?rest_route=\/wp\/v2\/posts\/8968","targetHints":{"allow":["GET"]}}],"collection":[{"href":"https:\/\/formalprision.com\/index.php?rest_route=\/wp\/v2\/posts"}],"about":[{"href":"https:\/\/formalprision.com\/index.php?rest_route=\/wp\/v2\/types\/post"}],"author":[{"embeddable":true,"href":"https:\/\/formalprision.com\/index.php?rest_route=\/wp\/v2\/users\/1"}],"replies":[{"embeddable":true,"href":"https:\/\/formalprision.com\/index.php?rest_route=%2Fwp%2Fv2%2Fcomments&post=8968"}],"version-history":[{"count":0,"href":"https:\/\/formalprision.com\/index.php?rest_route=\/wp\/v2\/posts\/8968\/revisions"}],"wp:attachment":[{"href":"https:\/\/formalprision.com\/index.php?rest_route=%2Fwp%2Fv2%2Fmedia&parent=8968"}],"wp:term":[{"taxonomy":"category","embeddable":true,"href":"https:\/\/formalprision.com\/index.php?rest_route=%2Fwp%2Fv2%2Fcategories&post=8968"},{"taxonomy":"post_tag","embeddable":true,"href":"https:\/\/formalprision.com\/index.php?rest_route=%2Fwp%2Fv2%2Ftags&post=8968"}],"curies":[{"name":"wp","href":"https:\/\/api.w.org\/{rel}","templated":true}]}}