{"id":90,"date":"2015-05-25T23:50:00","date_gmt":"2015-05-25T23:50:00","guid":{"rendered":"http:\/\/formalprision.info\/2015\/05\/25\/yucatan-sede-de-la-ii-reunion\/"},"modified":"2015-06-03T08:21:03","modified_gmt":"2015-06-03T08:21:03","slug":"yucatan-sede-de-la-ii-reunion","status":"publish","type":"post","link":"https:\/\/formalprision.com\/?p=90","title":{"rendered":"Yucat\u00e1n, sede de la II Reuni\u00f3n Ministerial de la Alianza de Energ\u00eda y\nClima de las Am\u00e9ricas"},"content":{"rendered":"<h2 style=\"color: rgba(0, 0, 0, 0.701961); font-family: UICTFontTextStyleBody; -webkit-composition-fill-color: rgba(130, 98, 83, 0.0980392); margin-right: 0cm; margin-left: 0cm;\">M\u00e9rida, Yucat\u00e1n, 25 de mayo de 2015.- Bajo el tema \u201cReformas que promueven las inversiones y la sostenibilidad en el sector energ\u00e9tico\u201d, &nbsp;dio inicio la II Reuni\u00f3n Ministerial de la Alianza de Energ\u00eda y Clima de las Am\u00e9ricas (ECPA, por sus siglas en ingl\u00e9s), evento donde se gestar\u00e1n propuestas en dicha materia, orientadas a&nbsp; reforzar la cooperaci\u00f3n entre potencias mundiales y pa\u00edses en desarrollo.<\/h2>\n<h2 style=\"color: rgba(0, 0, 0, 0.701961); font-family: UICTFontTextStyleBody; -webkit-composition-fill-color: rgba(130, 98, 83, 0.0980392); margin-right: 0cm; margin-left: 0cm;\">El Gobernador Rolando Zapata Bello, acompa\u00f1ado del titular de la Secretar\u00eda de Energ\u00eda (Sener), Pedro Joaqu\u00edn Coldwell, inaugur\u00f3 el foro internacional, oportunidad en la que recalc\u00f3 que en Yucat\u00e1n se impulsan pol\u00edticas ambientales precisas que han favorecido la generaci\u00f3n de conocimiento y la concreci\u00f3n de inversiones, acciones que van acorde con la Estrategia Nacional de Energ\u00eda (ENE)&nbsp;<\/h2>\n<h2 style=\"color: rgba(0, 0, 0, 0.701961); font-family: UICTFontTextStyleBody; -webkit-composition-fill-color: rgba(130, 98, 83, 0.0980392); margin-right: 0cm; margin-left: 0cm;\">\u201cM\u00e9xico se est\u00e1 transformando y esa transformaci\u00f3n se debe acompa\u00f1ar de un enfoque sustentable. En esta tierra, seguiremos escuchando, trabajando y proponiendo al respecto y esperamos, sinceramente, que en las pr\u00f3ximas horas y d\u00edas de trabajo y di\u00e1logo, se establezcan grandes compromisos continentales y globales, rumbo a la Conferencia de Cambio Clim\u00e1tico de Naciones Unidas, a celebrarse en Par\u00eds\u201d, afirm\u00f3<\/h2>\n<h2 style=\"color: rgba(0, 0, 0, 0.701961); font-family: UICTFontTextStyleBody; -webkit-composition-fill-color: rgba(130, 98, 83, 0.0980392); margin-right: 0cm; margin-left: 0cm;\">En la ceremonia, efectuada en reconocido hotel de esta capital, el titular de la Sener coment\u00f3 que en esta II Reuni\u00f3n quedar\u00e1 de manifiesto la voluntad pol\u00edtica existente entre las naciones participantes para privilegiar el uso de energ\u00edas verdes, como es el caso de M\u00e9xico que en 2014 destin\u00f3 m\u00e1s inversi\u00f3n a este tipo de recurso renovable, que a plantas convencionales.<\/h2>\n<h2 style=\"color: rgba(0, 0, 0, 0.701961); font-family: UICTFontTextStyleBody; -webkit-composition-fill-color: rgba(130, 98, 83, 0.0980392); margin-right: 0cm; margin-left: 0cm;\">\u201cHemos creado centros mexicanos de innovaci\u00f3n en energ\u00eda solar, e\u00f3lica y geot\u00e9rmica que agrupan a universidades, centros de investigaci\u00f3n y empresas. Se conformar\u00e1n tambi\u00e9n pr\u00f3ximamente los de bioenerg\u00eda y fuerzas del oc\u00e9ano. M\u00e9xico est\u00e1 convencido de la relevancia de la cooperaci\u00f3n regional para combatir el cambio clim\u00e1tico, estamos en el sendero de volver a ser amigos de la naturaleza\u201d, expres\u00f3.<\/h2>\n<h2 style=\"color: rgba(0, 0, 0, 0.701961); font-family: UICTFontTextStyleBody; -webkit-composition-fill-color: rgba(130, 98, 83, 0.0980392); margin-right: 0cm; margin-left: 0cm;\">De igual manera, el secretario de Energ\u00eda de Estados Unidos de Am\u00e9rica, Ernest Moniz, refiri\u00f3 que es indispensable hacer hincapi\u00e9 en la apuesta por la innovaci\u00f3n tecnol\u00f3gica para combatir el cambio clim\u00e1tico, por lo que en este encuentro se compartir\u00e1n proyectos que aceleren el ingreso de pa\u00edses no desarrollados en el tema.<\/h2>\n<h2 style=\"color: rgba(0, 0, 0, 0.701961); font-family: UICTFontTextStyleBody; -webkit-composition-fill-color: rgba(130, 98, 83, 0.0980392); margin-right: 0cm; margin-left: 0cm;\">En su turno, el vicepresidente de Sectores y Conocimiento del Banco Interamericano de Desarrollo (BID), Santiago Levy Algazi,&nbsp;puntualiz\u00f3 que se debe superar los obst\u00e1culos pol\u00edticos y legales que impiden acercar los beneficios de la energ\u00eda limpia, pues urge conseguir equidad en este sentido para asegurar el pleno crecimiento econ\u00f3mico de las regiones.<\/h2>\n<h2 style=\"color: rgba(0, 0, 0, 0.701961); font-family: UICTFontTextStyleBody; -webkit-composition-fill-color: rgba(130, 98, 83, 0.0980392); margin-right: 0cm; margin-left: 0cm;\">Por su parte, el ministro de Recursos Naturales de Canad\u00e1, Greg Rickford, indic\u00f3&nbsp; que para el pa\u00eds que representa es vital fortalecer alianzas con M\u00e9xico, ahora que se est\u00e1n promoviendo reformas sobre temas ambientales, ya que resultan una oportunidad para intercambiar esquemas de impacto positivo en ambas naciones.<\/h2>\n<h2 style=\"color: rgba(0, 0, 0, 0.701961); font-family: UICTFontTextStyleBody; -webkit-composition-fill-color: rgba(130, 98, 83, 0.0980392); margin-right: 0cm; margin-left: 0cm;\">El director del Departamento de Desarrollo Sostenible de la Organizaci\u00f3n de Estados Americanos (OEA), Cletus Springer, subray\u00f3 que desde su conformaci\u00f3n en 2009, la ministerial de la ECPA ha sido crucial para impulsar a m\u00e1s de 30 pa\u00edses a participar en talleres y mesas de trabajo sobre la materia.<\/h2>\n<h2 style=\"color: rgba(0, 0, 0, 0.701961); font-family: UICTFontTextStyleBody; -webkit-composition-fill-color: rgba(130, 98, 83, 0.0980392); margin-right: 0cm; margin-left: 0cm;\">\u201cLos v\u00ednculos de la energ\u00eda y el clima en el crecimiento econ\u00f3mico y prosperidad de las naciones son fuertes. En la energ\u00eda y su uso recaen dichos aspectos, por eso debemos ser muy cuidadoso con nuestras decisiones respecto a eso\u201d, dijo.<\/h2>\n<h2 style=\"color: rgba(0, 0, 0, 0.701961); font-family: UICTFontTextStyleBody; -webkit-composition-fill-color: rgba(130, 98, 83, 0.0980392); margin-right: 0cm; margin-left: 0cm;\">El encuentro mundial ECPA, que se realizar\u00e1 hasta este&nbsp;<a href=\"x-apple-data-detectors:\/\/1\" x-apple-data-detectors=\"true\" x-apple-data-detectors-type=\"calendar-event\" x-apple-data-detectors-result=\"1\" style=\"font-size: 19px; background-color: rgba(255, 255, 255, 0);\">28 de mayo<\/a>, representa la antesala de la 6\u00aa Reuni\u00f3n Ministerial de Energ\u00eda Limpia, donde tomar\u00e1n parte delegados de alto nivel de 22 pa\u00edses y de la Comisi\u00f3n de Europa.<\/h2>\n<div>\n<div class=\"separator\" style=\"clear: both;\"><a href=\"https:\/\/lh3.googleusercontent.com\/--fcuGoVkrJ8\/VWO1iEs6ACI\/AAAAAAAAoR0\/kxddWOJFyXE\/s640\/blogger-image-1037265931.jpg\" imageanchor=\"1\" style=\"margin-left: 1em; margin-right: 1em;\"><img decoding=\"async\" border=\"0\" src=\"https:\/\/lh3.googleusercontent.com\/--fcuGoVkrJ8\/VWO1iEs6ACI\/AAAAAAAAoR0\/kxddWOJFyXE\/s640\/blogger-image-1037265931.jpg\"><\/a><\/div>\n<p><\/div>\n","protected":false},"excerpt":{"rendered":"<p>M\u00e9rida, Yucat\u00e1n, 25 de mayo de 2015.- Bajo el tema \u201cReformas que promueven las inversiones y la sostenibilidad en el sector energ\u00e9tico\u201d, &nbsp;dio inicio la II Reuni\u00f3n Ministerial de la<\/p>\n","protected":false},"author":1,"featured_media":10182,"comment_status":"open","ping_status":"open","sticky":false,"template":"","format":"standard","meta":{"jetpack_post_was_ever_published":false,"_jetpack_newsletter_access":"","_jetpack_dont_email_post_to_subs":false,"_jetpack_newsletter_tier_id":0,"_jetpack_memberships_contains_paywalled_content":false,"_jetpack_memberships_contains_paid_content":false,"footnotes":"","jetpack_publicize_message":"","jetpack_publicize_feature_enabled":true,"jetpack_social_post_already_shared":false,"jetpack_social_options":{"image_generator_settings":{"template":"highway","default_image_id":0,"font":"","enabled":false},"version":2}},"categories":[17,1],"tags":[],"class_list":["post-90","post","type-post","status-publish","format-standard","has-post-thumbnail","hentry","category-politica-y-gobierno","category-sin-categoria"],"jetpack_publicize_connections":[],"jetpack_featured_media_url":"https:\/\/formalprision.com\/wp-content\/uploads\/2015\/05\/blogger-image-1037265931.jpg","jetpack_sharing_enabled":true,"jetpack_shortlink":"https:\/\/wp.me\/p6id8p-1s","_links":{"self":[{"href":"https:\/\/formalprision.com\/index.php?rest_route=\/wp\/v2\/posts\/90","targetHints":{"allow":["GET"]}}],"collection":[{"href":"https:\/\/formalprision.com\/index.php?rest_route=\/wp\/v2\/posts"}],"about":[{"href":"https:\/\/formalprision.com\/index.php?rest_route=\/wp\/v2\/types\/post"}],"author":[{"embeddable":true,"href":"https:\/\/formalprision.com\/index.php?rest_route=\/wp\/v2\/users\/1"}],"replies":[{"embeddable":true,"href":"https:\/\/formalprision.com\/index.php?rest_route=%2Fwp%2Fv2%2Fcomments&post=90"}],"version-history":[{"count":0,"href":"https:\/\/formalprision.com\/index.php?rest_route=\/wp\/v2\/posts\/90\/revisions"}],"wp:featuredmedia":[{"embeddable":true,"href":"https:\/\/formalprision.com\/index.php?rest_route=\/wp\/v2\/media\/10182"}],"wp:attachment":[{"href":"https:\/\/formalprision.com\/index.php?rest_route=%2Fwp%2Fv2%2Fmedia&parent=90"}],"wp:term":[{"taxonomy":"category","embeddable":true,"href":"https:\/\/formalprision.com\/index.php?rest_route=%2Fwp%2Fv2%2Fcategories&post=90"},{"taxonomy":"post_tag","embeddable":true,"href":"https:\/\/formalprision.com\/index.php?rest_route=%2Fwp%2Fv2%2Ftags&post=90"}],"curies":[{"name":"wp","href":"https:\/\/api.w.org\/{rel}","templated":true}]}}