{"id":9004,"date":"2010-12-01T20:25:00","date_gmt":"2010-12-01T20:25:00","guid":{"rendered":"http:\/\/formalprision.info\/2010\/12\/01\/veronica-grajales-se-fue-con-su-virtua\/"},"modified":"2015-06-03T08:59:47","modified_gmt":"2015-06-03T08:59:47","slug":"veronica-grajales-se-fue-con-su-virtua","status":"publish","type":"post","link":"https:\/\/formalprision.com\/?p=9004","title":{"rendered":"Ver\u00f3nica Grajales se fue con su &#39;novio virtual&#39; a Tabasco"},"content":{"rendered":"<p><a href=\"http:\/\/4.bp.blogspot.com\/_QwiJz8zwaOw\/TPaWQY4S06I\/AAAAAAAACBQ\/oxkYFzEtBJE\/s1600\/GetAttachment%255B7%255D.jpg\"><img decoding=\"async\" id=\"BLOGGER_PHOTO_ID_5545785199453983650\" style=\"FLOAT: left; MARGIN: 0px 10px 10px 0px; WIDTH: 160px; CURSOR: hand; HEIGHT: 160px\" alt=\"\" src=\"http:\/\/formalprision.com\/wp-content\/uploads\/2010\/12\/GetAttachment%5B7%5D2.jpg\" border=\"0\" \/><\/a><\/p>\n<div>La Polic\u00eda Judicial del Estado asegura que solo Ver\u00f3nica Grajales Castillo est\u00e1 desaparecida, pues sus compa\u00f1eritas regresaron a casa.<\/div>\n<p><\/p>\n<div>Adem\u00e1s, indicaron que se ha investigado el caso y todo apunta a que Ver\u00f3nica, de 17 a\u00f1os de edad, se fue con su enamorado, un tabasque\u00f1o que conoci\u00f3 por internet.<\/div>\n<p><\/p>\n<div>Las otras \u00abdesaparecidas\u00bb declararon al Ministerio P\u00fablico y confirmaron que en la feria de Xmatkuil estuvieron con varios amigos, entre ellos el enamorado de Ver\u00f3nica, con quien \u00e9sta decidi\u00f3 fugarse.<\/div>\n<p><\/p>\n<div>El tabasque\u00f1o ya fue identificado, pero no ha sido localizado y se cree que Ver\u00f3nica est\u00e1 con \u00e9l.<\/div>\n<p><\/p>\n<div>Las otras j\u00f3vencitas tambi\u00e9n se fueron de pinta, incluso algunas versiones indican que fueron localizadas en un motel.<\/div>\n<p><\/p>\n<div><\/div>\n","protected":false},"excerpt":{"rendered":"<p>La Polic\u00eda Judicial del Estado asegura que solo Ver\u00f3nica Grajales Castillo est\u00e1 desaparecida, pues sus compa\u00f1eritas regresaron a casa. Adem\u00e1s, indicaron que se ha investigado el caso y todo apunta<\/p>\n","protected":false},"author":1,"featured_media":27892,"comment_status":"open","ping_status":"open","sticky":false,"template":"","format":"standard","meta":{"jetpack_post_was_ever_published":false,"_jetpack_newsletter_access":"","_jetpack_dont_email_post_to_subs":false,"_jetpack_newsletter_tier_id":0,"_jetpack_memberships_contains_paywalled_content":false,"_jetpack_memberships_contains_paid_content":false,"footnotes":"","jetpack_publicize_message":"","jetpack_publicize_feature_enabled":true,"jetpack_social_post_already_shared":false,"jetpack_social_options":{"image_generator_settings":{"template":"highway","default_image_id":0,"font":"","enabled":false},"version":2}},"categories":[3,58,1],"tags":[],"class_list":["post-9004","post","type-post","status-publish","format-standard","has-post-thumbnail","hentry","category-portada","category-rescates","category-sin-categoria"],"jetpack_publicize_connections":[],"jetpack_featured_media_url":"https:\/\/formalprision.com\/wp-content\/uploads\/2010\/12\/GetAttachment%5B7%5D2.jpg","jetpack_sharing_enabled":true,"jetpack_shortlink":"https:\/\/wp.me\/p6id8p-2le","_links":{"self":[{"href":"https:\/\/formalprision.com\/index.php?rest_route=\/wp\/v2\/posts\/9004","targetHints":{"allow":["GET"]}}],"collection":[{"href":"https:\/\/formalprision.com\/index.php?rest_route=\/wp\/v2\/posts"}],"about":[{"href":"https:\/\/formalprision.com\/index.php?rest_route=\/wp\/v2\/types\/post"}],"author":[{"embeddable":true,"href":"https:\/\/formalprision.com\/index.php?rest_route=\/wp\/v2\/users\/1"}],"replies":[{"embeddable":true,"href":"https:\/\/formalprision.com\/index.php?rest_route=%2Fwp%2Fv2%2Fcomments&post=9004"}],"version-history":[{"count":0,"href":"https:\/\/formalprision.com\/index.php?rest_route=\/wp\/v2\/posts\/9004\/revisions"}],"wp:featuredmedia":[{"embeddable":true,"href":"https:\/\/formalprision.com\/index.php?rest_route=\/wp\/v2\/media\/27892"}],"wp:attachment":[{"href":"https:\/\/formalprision.com\/index.php?rest_route=%2Fwp%2Fv2%2Fmedia&parent=9004"}],"wp:term":[{"taxonomy":"category","embeddable":true,"href":"https:\/\/formalprision.com\/index.php?rest_route=%2Fwp%2Fv2%2Fcategories&post=9004"},{"taxonomy":"post_tag","embeddable":true,"href":"https:\/\/formalprision.com\/index.php?rest_route=%2Fwp%2Fv2%2Ftags&post=9004"}],"curies":[{"name":"wp","href":"https:\/\/api.w.org\/{rel}","templated":true}]}}