{"id":9017,"date":"2010-11-29T17:00:00","date_gmt":"2010-11-29T17:00:00","guid":{"rendered":"http:\/\/formalprision.info\/2010\/11\/29\/plaza-las-americas-tampoco-puede-cobrar\/"},"modified":"2015-06-03T08:59:49","modified_gmt":"2015-06-03T08:59:49","slug":"plaza-las-americas-tampoco-puede-cobrar","status":"publish","type":"post","link":"https:\/\/formalprision.com\/?p=9017","title":{"rendered":"Plaza las Am\u00e9ricas tampoco puede cobrar el estacionamiento"},"content":{"rendered":"<p><a href=\"http:\/\/2.bp.blogspot.com\/_QwiJz8zwaOw\/TPPdWVsTTOI\/AAAAAAAAB_g\/WCUsb7juupw\/s1600\/GetAttachment%255B10%255D%255B1%255D.jpg\"><img decoding=\"async\" id=\"BLOGGER_PHOTO_ID_5545018942073031906\" style=\"FLOAT: left; MARGIN: 0px 10px 10px 0px; WIDTH: 213px; CURSOR: hand; HEIGHT: 160px\" alt=\"\" src=\"http:\/\/formalprision.com\/wp-content\/uploads\/2010\/11\/GetAttachment%5B10%5D%5B1%5D.jpg\" border=\"0\" \/><\/a><\/p>\n<div>La administraci\u00f3n de plaza las Am\u00e9ricas tuvo que qeudarse con las ganas de cobrar el estacionamiento de la gente que acude a ese centro comercial porque esta ma\u00f1ana personal del Ayuntamiento de M\u00e9rida se los impidi\u00f3.<\/div>\n<p><\/p>\n<div>Inspectores de la Direcci\u00f3n de Gobernaci\u00f3n y el subdirector de Transporte Municipal Ren\u00e9 Flores Ayora acudieron a la plaza y entregaron la notificaci\u00f3n a la administraci\u00f3n de la plaza para que no cobre.<\/div>\n<p><\/p>\n<div>Esa plaza hab\u00eda anunciado el s\u00e1bado que hoy comenzar\u00eda a cobrar por estacionarse dentro, pero al final tuvo que dar marcha atr\u00e1s.<\/div>\n<p><\/p>\n<div><\/div>\n","protected":false},"excerpt":{"rendered":"<p>La administraci\u00f3n de plaza las Am\u00e9ricas tuvo que qeudarse con las ganas de cobrar el estacionamiento de la gente que acude a ese centro comercial porque esta ma\u00f1ana personal del<\/p>\n","protected":false},"author":1,"featured_media":27918,"comment_status":"open","ping_status":"open","sticky":false,"template":"","format":"standard","meta":{"jetpack_post_was_ever_published":false,"_jetpack_newsletter_access":"","_jetpack_dont_email_post_to_subs":false,"_jetpack_newsletter_tier_id":0,"_jetpack_memberships_contains_paywalled_content":false,"_jetpack_memberships_contains_paid_content":false,"footnotes":"","jetpack_publicize_message":"","jetpack_publicize_feature_enabled":true,"jetpack_social_post_already_shared":false,"jetpack_social_options":{"image_generator_settings":{"template":"highway","default_image_id":0,"font":"","enabled":false},"version":2}},"categories":[3,1,53],"tags":[],"class_list":["post-9017","post","type-post","status-publish","format-standard","has-post-thumbnail","hentry","category-portada","category-sin-categoria","category-yo-no-fui"],"jetpack_publicize_connections":[],"jetpack_featured_media_url":"https:\/\/formalprision.com\/wp-content\/uploads\/2010\/11\/GetAttachment%5B10%5D%5B1%5D.jpg","jetpack_sharing_enabled":true,"jetpack_shortlink":"https:\/\/wp.me\/p6id8p-2lr","_links":{"self":[{"href":"https:\/\/formalprision.com\/index.php?rest_route=\/wp\/v2\/posts\/9017","targetHints":{"allow":["GET"]}}],"collection":[{"href":"https:\/\/formalprision.com\/index.php?rest_route=\/wp\/v2\/posts"}],"about":[{"href":"https:\/\/formalprision.com\/index.php?rest_route=\/wp\/v2\/types\/post"}],"author":[{"embeddable":true,"href":"https:\/\/formalprision.com\/index.php?rest_route=\/wp\/v2\/users\/1"}],"replies":[{"embeddable":true,"href":"https:\/\/formalprision.com\/index.php?rest_route=%2Fwp%2Fv2%2Fcomments&post=9017"}],"version-history":[{"count":0,"href":"https:\/\/formalprision.com\/index.php?rest_route=\/wp\/v2\/posts\/9017\/revisions"}],"wp:featuredmedia":[{"embeddable":true,"href":"https:\/\/formalprision.com\/index.php?rest_route=\/wp\/v2\/media\/27918"}],"wp:attachment":[{"href":"https:\/\/formalprision.com\/index.php?rest_route=%2Fwp%2Fv2%2Fmedia&parent=9017"}],"wp:term":[{"taxonomy":"category","embeddable":true,"href":"https:\/\/formalprision.com\/index.php?rest_route=%2Fwp%2Fv2%2Fcategories&post=9017"},{"taxonomy":"post_tag","embeddable":true,"href":"https:\/\/formalprision.com\/index.php?rest_route=%2Fwp%2Fv2%2Ftags&post=9017"}],"curies":[{"name":"wp","href":"https:\/\/api.w.org\/{rel}","templated":true}]}}