{"id":9020,"date":"2010-11-28T19:07:00","date_gmt":"2010-11-28T19:07:00","guid":{"rendered":"http:\/\/formalprision.info\/2010\/11\/28\/cae-chel-carrilllo-un-experto-ladron-de\/"},"modified":"2015-06-03T08:59:50","modified_gmt":"2015-06-03T08:59:50","slug":"cae-chel-carrilllo-un-experto-ladron-de","status":"publish","type":"post","link":"https:\/\/formalprision.com\/?p=9020","title":{"rendered":"Cae &#39;El Chel Carrilllo&#39;, un experto ladr\u00f3n de estereos"},"content":{"rendered":"<p><a href=\"http:\/\/2.bp.blogspot.com\/_QwiJz8zwaOw\/TPKp9_oq7lI\/AAAAAAAAB_I\/6oEgTC1I0t8\/s1600\/GetAttachment%255B8%255D.jpg\"><img decoding=\"async\" id=\"BLOGGER_PHOTO_ID_5544680973765635666\" style=\"FLOAT: left; MARGIN: 0px 10px 10px 0px; WIDTH: 213px; CURSOR: hand; HEIGHT: 160px\" alt=\"\" src=\"http:\/\/formalprision.com\/wp-content\/uploads\/2010\/11\/GetAttachment%5B8%5D.jpg\" border=\"0\" \/><\/a><\/p>\n<div>La Polic\u00eda Municipal de M\u00e9rida reporta la detenci\u00f3n de un sujeto experto en el robo de autoest\u00e9reos.<\/div>\n<p><\/p>\n<div>Fue detenido ayer siendo las 18:30 hrs. cuando oficiales a bordo de la unidad 330 en la calle 71 entre 48 y 50 observan que en el interior del autom\u00f3vil tsuru placas ZAB-1483 un individuo retiraba del tablero un auto estereo y al ver la presencia policiaca tira el aparato reproductor en el piso del veh\u00edculo particular para huir.<\/div>\n<p><\/p>\n<div>Los agentes despu\u00e9s de breve persecuci\u00f3n le dan alcance sobre lacalle 69 por 50 cuestionando al sujeto por su proceder, recibiendo como respuesta del ahora detenido Jos\u00e9 Horacio Carrillo Maldonado (a) El Chel, que no hab\u00eda hecho nada il\u00edcito, preguntando por que lo atajaban; al llevarlo al sitio del pretendido hurto, se encontr\u00f3 en el piso del tsuru una mochila negra que al revisarla, dentro se encontraron otros auto estereos, car\u00e1tulas de los mismos, herramientas para desatornillar y atornillar, un par de guantes de tela, engrapadora, medidor de gas y una chamarra negra. <\/div>\n<p><\/p>\n<div>Por lo anterior Carrillo Maldonado fue trasladado a la c\u00e1rcel p\u00fablica y posterior puesto a disposici\u00f3n de la autoridad ministerial.<\/p>\n<\/div>\n","protected":false},"excerpt":{"rendered":"<p>La Polic\u00eda Municipal de M\u00e9rida reporta la detenci\u00f3n de un sujeto experto en el robo de autoest\u00e9reos. Fue detenido ayer siendo las 18:30 hrs. cuando oficiales a bordo de la<\/p>\n","protected":false},"author":1,"featured_media":27924,"comment_status":"open","ping_status":"open","sticky":false,"template":"","format":"standard","meta":{"jetpack_post_was_ever_published":false,"_jetpack_newsletter_access":"","_jetpack_dont_email_post_to_subs":false,"_jetpack_newsletter_tier_id":0,"_jetpack_memberships_contains_paywalled_content":false,"_jetpack_memberships_contains_paid_content":false,"footnotes":"","jetpack_publicize_message":"","jetpack_publicize_feature_enabled":true,"jetpack_social_post_already_shared":false,"jetpack_social_options":{"image_generator_settings":{"template":"highway","default_image_id":0,"font":"","enabled":false},"version":2}},"categories":[45,3,1],"tags":[],"class_list":["post-9020","post","type-post","status-publish","format-standard","has-post-thumbnail","hentry","category-delincuentes-vip","category-portada","category-sin-categoria"],"jetpack_publicize_connections":[],"jetpack_featured_media_url":"https:\/\/formalprision.com\/wp-content\/uploads\/2010\/11\/GetAttachment%5B8%5D.jpg","jetpack_sharing_enabled":true,"jetpack_shortlink":"https:\/\/wp.me\/p6id8p-2lu","_links":{"self":[{"href":"https:\/\/formalprision.com\/index.php?rest_route=\/wp\/v2\/posts\/9020","targetHints":{"allow":["GET"]}}],"collection":[{"href":"https:\/\/formalprision.com\/index.php?rest_route=\/wp\/v2\/posts"}],"about":[{"href":"https:\/\/formalprision.com\/index.php?rest_route=\/wp\/v2\/types\/post"}],"author":[{"embeddable":true,"href":"https:\/\/formalprision.com\/index.php?rest_route=\/wp\/v2\/users\/1"}],"replies":[{"embeddable":true,"href":"https:\/\/formalprision.com\/index.php?rest_route=%2Fwp%2Fv2%2Fcomments&post=9020"}],"version-history":[{"count":0,"href":"https:\/\/formalprision.com\/index.php?rest_route=\/wp\/v2\/posts\/9020\/revisions"}],"wp:featuredmedia":[{"embeddable":true,"href":"https:\/\/formalprision.com\/index.php?rest_route=\/wp\/v2\/media\/27924"}],"wp:attachment":[{"href":"https:\/\/formalprision.com\/index.php?rest_route=%2Fwp%2Fv2%2Fmedia&parent=9020"}],"wp:term":[{"taxonomy":"category","embeddable":true,"href":"https:\/\/formalprision.com\/index.php?rest_route=%2Fwp%2Fv2%2Fcategories&post=9020"},{"taxonomy":"post_tag","embeddable":true,"href":"https:\/\/formalprision.com\/index.php?rest_route=%2Fwp%2Fv2%2Ftags&post=9020"}],"curies":[{"name":"wp","href":"https:\/\/api.w.org\/{rel}","templated":true}]}}