{"id":9021,"date":"2010-11-28T17:13:00","date_gmt":"2010-11-28T17:13:00","guid":{"rendered":"http:\/\/formalprision.info\/2010\/11\/28\/bella-progresena-acusada-de-vender\/"},"modified":"2015-06-03T08:59:50","modified_gmt":"2015-06-03T08:59:50","slug":"bella-progresena-acusada-de-vender","status":"publish","type":"post","link":"https:\/\/formalprision.com\/?p=9021","title":{"rendered":"Bella progrese\u00f1a acusada de vender droga en M\u00e9rida"},"content":{"rendered":"<p><a href=\"http:\/\/1.bp.blogspot.com\/_QwiJz8zwaOw\/TPHXwXkADDI\/AAAAAAAAB_A\/M6TQ4anRKnM\/s1600\/adet%255B2%255D.jpg\"><img decoding=\"async\" id=\"BLOGGER_PHOTO_ID_5544449842228497458\" style=\"FLOAT: left; MARGIN: 0px 10px 10px 0px; WIDTH: 330px; CURSOR: hand; HEIGHT: 336px\" alt=\"\" src=\"http:\/\/formalprision.com\/wp-content\/uploads\/2010\/11\/adet%5B2%5D.jpg\" border=\"0\" \/><\/a><\/p>\n<div>Una joven progrese\u00f1a fue detenida el pasado jueves en M\u00e9rida durante un operativo realizado por elementos de la Polic\u00eda Federal Ministerial en el fraccionamiento Juan Pablo II.<\/div>\n<p><\/p>\n<div>La detenida es Kathleen Maritza L\u00f3pez Figueroa, de 19 a\u00f1os, quien se encontraba en el predio n\u00famero 326 de la calle 19 entre 22 y 24 del mencionado fraccionamiento.<\/div>\n<p><\/p>\n<div>Aunque la PGR inform\u00f3 que a la joven le encontraron entre 8 y 20 bolsitas de pl\u00e1stico con sus respectivas dosis de crack y fue detenida en calidad de narcovendedora, familiares de la joven progrese\u00f1a aseguran que todo fue provocado y que incluso la droga fue \u00absembrada\u00bb debido a que ella no tiene nada que ver con el narcomenudeo.<\/div>\n<p><\/p>\n<div>De acuerdo con informaci\u00f3n oficial de la PGR, el cateo fue el resultado del trabajo de inteligencia e investigaci\u00f3n de la informaci\u00f3n proporcionada por un toxic\u00f3mano que fue atrapado hace aproximadamente 15 d\u00edas.Con la informaci\u00f3n obtenida los federales ubicaron el predio en donde seg\u00fan el detenido hab\u00eda adquirido la droga, as\u00ed mismo describi\u00f3 la media filiaci\u00f3n de presunta narcodistribuidora, y solicitaron la orden de cateo que fue concedida.<\/div>\n<p><\/p>\n<div>Familiares de la joven, a trav\u00e9s de Facebook, calificaron este arresto como un atropello, un abuso y hasta acusaron a los agentes federales de presunta extorsi\u00f3n.<\/div>\n<p><\/p>\n<div>Diego Ren\u00e9 Rodr\u00edguez L\u00f3pez afirma que la detenci\u00f3n de Kathleen Maritza L\u00f3pez es un atropello y un abuso policial.<\/div>\n<p><\/p>\n<div>Se\u00f1ala que la pareja de su prima Kathleen es quien se dedicaba a los actos il\u00edcitos y que \u00e9sta tiene un beb\u00e9 de apenas 6 meses, por lo que considera una injusticia lo que est\u00e1 sucediendo.<\/div>\n<p><\/p>\n<div><\/div>\n","protected":false},"excerpt":{"rendered":"<p>Una joven progrese\u00f1a fue detenida el pasado jueves en M\u00e9rida durante un operativo realizado por elementos de la Polic\u00eda Federal Ministerial en el fraccionamiento Juan Pablo II. La detenida es<\/p>\n","protected":false},"author":1,"featured_media":27926,"comment_status":"open","ping_status":"open","sticky":false,"template":"","format":"standard","meta":{"jetpack_post_was_ever_published":false,"_jetpack_newsletter_access":"","_jetpack_dont_email_post_to_subs":false,"_jetpack_newsletter_tier_id":0,"_jetpack_memberships_contains_paywalled_content":false,"_jetpack_memberships_contains_paid_content":false,"footnotes":"","jetpack_publicize_message":"","jetpack_publicize_feature_enabled":true,"jetpack_social_post_already_shared":false,"jetpack_social_options":{"image_generator_settings":{"template":"highway","default_image_id":0,"font":"","enabled":false},"version":2}},"categories":[47,48,3,1],"tags":[],"class_list":["post-9021","post","type-post","status-publish","format-standard","has-post-thumbnail","hentry","category-narcos","category-pecadoras","category-portada","category-sin-categoria"],"jetpack_publicize_connections":[],"jetpack_featured_media_url":"https:\/\/formalprision.com\/wp-content\/uploads\/2010\/11\/adet%5B2%5D.jpg","jetpack_sharing_enabled":true,"jetpack_shortlink":"https:\/\/wp.me\/p6id8p-2lv","_links":{"self":[{"href":"https:\/\/formalprision.com\/index.php?rest_route=\/wp\/v2\/posts\/9021","targetHints":{"allow":["GET"]}}],"collection":[{"href":"https:\/\/formalprision.com\/index.php?rest_route=\/wp\/v2\/posts"}],"about":[{"href":"https:\/\/formalprision.com\/index.php?rest_route=\/wp\/v2\/types\/post"}],"author":[{"embeddable":true,"href":"https:\/\/formalprision.com\/index.php?rest_route=\/wp\/v2\/users\/1"}],"replies":[{"embeddable":true,"href":"https:\/\/formalprision.com\/index.php?rest_route=%2Fwp%2Fv2%2Fcomments&post=9021"}],"version-history":[{"count":0,"href":"https:\/\/formalprision.com\/index.php?rest_route=\/wp\/v2\/posts\/9021\/revisions"}],"wp:featuredmedia":[{"embeddable":true,"href":"https:\/\/formalprision.com\/index.php?rest_route=\/wp\/v2\/media\/27926"}],"wp:attachment":[{"href":"https:\/\/formalprision.com\/index.php?rest_route=%2Fwp%2Fv2%2Fmedia&parent=9021"}],"wp:term":[{"taxonomy":"category","embeddable":true,"href":"https:\/\/formalprision.com\/index.php?rest_route=%2Fwp%2Fv2%2Fcategories&post=9021"},{"taxonomy":"post_tag","embeddable":true,"href":"https:\/\/formalprision.com\/index.php?rest_route=%2Fwp%2Fv2%2Ftags&post=9021"}],"curies":[{"name":"wp","href":"https:\/\/api.w.org\/{rel}","templated":true}]}}