{"id":9022,"date":"2010-11-28T15:03:00","date_gmt":"2010-11-28T15:03:00","guid":{"rendered":"http:\/\/formalprision.info\/2010\/11\/28\/anuncia-plaza-las-americas-que-cobrara\/"},"modified":"2015-06-03T08:59:50","modified_gmt":"2015-06-03T08:59:50","slug":"anuncia-plaza-las-americas-que-cobrara","status":"publish","type":"post","link":"https:\/\/formalprision.com\/?p=9022","title":{"rendered":"Anuncia Plaza Las Am\u00e9ricas que cobrar\u00e1 por estacionarse a partir de ma\u00f1ana"},"content":{"rendered":"<p><a href=\"http:\/\/2.bp.blogspot.com\/_QwiJz8zwaOw\/TPHVypKI_BI\/AAAAAAAAB-4\/ugDOYDBkfCQ\/s1600\/GetAttachment%255B10%255D.jpg\"><img decoding=\"async\" id=\"BLOGGER_PHOTO_ID_5544447682288352274\" style=\"FLOAT: left; MARGIN: 0px 10px 10px 0px; WIDTH: 213px; CURSOR: hand; HEIGHT: 160px\" alt=\"\" src=\"http:\/\/formalprision.com\/wp-content\/uploads\/2010\/11\/GetAttachment%5B10%5D.jpg\" border=\"0\" \/><\/a><\/p>\n<div>Plaza Las Am\u00e9ricas se le pone al brinco al Ayuntamiento de M\u00e9rida, pues anuncia que a partir de ma\u00f1ana lunes cobrar\u00e1 por el estacionamiento.<\/div>\n<p><\/p>\n<div>Desde ayer, empleados contratados especialmente para trabajar en los estacionamientos advierten a los automovilistas que a partir de este lunes pagar\u00e1n por estacionarse todos los que entren al lugar.<\/div>\n<p><\/p>\n<div>Las casetas de cobro ser\u00e1n gigiladas y solo se levantar\u00e1n las plumas a quienes paguen por ello.<\/div>\n<p><\/p>\n<div>La Plaza asegura que puede cobrar porque tiene permiso desde hace un par de a\u00f1os, pero no hab\u00eda querido llevarlo a cabo.<\/div>\n<p><\/p>\n<div>Se desconoce que har\u00e1 el Ayuntamiento en este caso, pero lo que si es seguro es que habr\u00e1 menos gente visitando esa plaza.<\/div>\n<p><\/p>\n<div>En Altabrisa, el Ayuntamiento de M\u00e9rida logr\u00f3 frenar el cobro, negando el permiso respectivo.<\/div>\n<p><\/p>\n<div><\/div>\n","protected":false},"excerpt":{"rendered":"<p>Plaza Las Am\u00e9ricas se le pone al brinco al Ayuntamiento de M\u00e9rida, pues anuncia que a partir de ma\u00f1ana lunes cobrar\u00e1 por el estacionamiento. Desde ayer, empleados contratados especialmente para<\/p>\n","protected":false},"author":1,"featured_media":27928,"comment_status":"open","ping_status":"open","sticky":false,"template":"","format":"standard","meta":{"jetpack_post_was_ever_published":false,"_jetpack_newsletter_access":"","_jetpack_dont_email_post_to_subs":false,"_jetpack_newsletter_tier_id":0,"_jetpack_memberships_contains_paywalled_content":false,"_jetpack_memberships_contains_paid_content":false,"footnotes":"","jetpack_publicize_message":"","jetpack_publicize_feature_enabled":true,"jetpack_social_post_already_shared":false,"jetpack_social_options":{"image_generator_settings":{"template":"highway","default_image_id":0,"font":"","enabled":false},"version":2}},"categories":[50,3,1],"tags":[],"class_list":["post-9022","post","type-post","status-publish","format-standard","has-post-thumbnail","hentry","category-machines","category-portada","category-sin-categoria"],"jetpack_publicize_connections":[],"jetpack_featured_media_url":"https:\/\/formalprision.com\/wp-content\/uploads\/2010\/11\/GetAttachment%5B10%5D.jpg","jetpack_sharing_enabled":true,"jetpack_shortlink":"https:\/\/wp.me\/p6id8p-2lw","_links":{"self":[{"href":"https:\/\/formalprision.com\/index.php?rest_route=\/wp\/v2\/posts\/9022","targetHints":{"allow":["GET"]}}],"collection":[{"href":"https:\/\/formalprision.com\/index.php?rest_route=\/wp\/v2\/posts"}],"about":[{"href":"https:\/\/formalprision.com\/index.php?rest_route=\/wp\/v2\/types\/post"}],"author":[{"embeddable":true,"href":"https:\/\/formalprision.com\/index.php?rest_route=\/wp\/v2\/users\/1"}],"replies":[{"embeddable":true,"href":"https:\/\/formalprision.com\/index.php?rest_route=%2Fwp%2Fv2%2Fcomments&post=9022"}],"version-history":[{"count":0,"href":"https:\/\/formalprision.com\/index.php?rest_route=\/wp\/v2\/posts\/9022\/revisions"}],"wp:featuredmedia":[{"embeddable":true,"href":"https:\/\/formalprision.com\/index.php?rest_route=\/wp\/v2\/media\/27928"}],"wp:attachment":[{"href":"https:\/\/formalprision.com\/index.php?rest_route=%2Fwp%2Fv2%2Fmedia&parent=9022"}],"wp:term":[{"taxonomy":"category","embeddable":true,"href":"https:\/\/formalprision.com\/index.php?rest_route=%2Fwp%2Fv2%2Fcategories&post=9022"},{"taxonomy":"post_tag","embeddable":true,"href":"https:\/\/formalprision.com\/index.php?rest_route=%2Fwp%2Fv2%2Ftags&post=9022"}],"curies":[{"name":"wp","href":"https:\/\/api.w.org\/{rel}","templated":true}]}}