{"id":9024,"date":"2010-11-27T22:55:00","date_gmt":"2010-11-27T22:55:00","guid":{"rendered":"http:\/\/formalprision.info\/2010\/11\/27\/operada-con-exito-la-hija-de-angelica\/"},"modified":"2015-06-03T08:59:50","modified_gmt":"2015-06-03T08:59:50","slug":"operada-con-exito-la-hija-de-angelica","status":"publish","type":"post","link":"https:\/\/formalprision.com\/?p=9024","title":{"rendered":"Operada con \u00e9xito la hija de Ang\u00e9lica Araujo"},"content":{"rendered":"<p>La hija de la alcaldesa meridana Ang\u00e9lica Araujo Lara sali\u00f3 bien de la operaci\u00f3n a la que fue sometida en el Hospital Star M\u00e9dica.<br \/>La jovencita Ang\u00e9lica Espadas Araujo fue operada de la ves\u00edcula, no de las lesiones sufrida en un accidente, como se dijo ayer cuando fue internada de urgencia en ese hospital.<br \/>Se  nos informa que la hija de la alcaldesa ya se repone satisfactoriamente, pero sigue hospitalizada.<br \/>La operaci\u00f3n fue un \u00e9xito y en un par de semana ya podr\u00e1 realizar sus actividades cotidianas, incluso asistir a la escuela.<br \/>Ayer, la alcaldesa tuvo que dedicarse al cuidado de su hija, quien fue hospitalizada de urgencia, como informamos oportunamente en este portal, aunque hoy se da a conocer que no fue por un accidente de tr\u00e1nsito, sino por una enfermedad repentina.<\/p>\n","protected":false},"excerpt":{"rendered":"<p>La hija de la alcaldesa meridana Ang\u00e9lica Araujo Lara sali\u00f3 bien de la operaci\u00f3n a la que fue sometida en el Hospital Star M\u00e9dica.La jovencita Ang\u00e9lica Espadas Araujo fue operada<\/p>\n","protected":false},"author":1,"featured_media":0,"comment_status":"open","ping_status":"open","sticky":false,"template":"","format":"standard","meta":{"jetpack_post_was_ever_published":false,"_jetpack_newsletter_access":"","_jetpack_dont_email_post_to_subs":false,"_jetpack_newsletter_tier_id":0,"_jetpack_memberships_contains_paywalled_content":false,"_jetpack_memberships_contains_paid_content":false,"footnotes":"","jetpack_publicize_message":"","jetpack_publicize_feature_enabled":true,"jetpack_social_post_already_shared":false,"jetpack_social_options":{"image_generator_settings":{"template":"highway","default_image_id":0,"font":"","enabled":false},"version":2}},"categories":[3,1,49],"tags":[],"class_list":["post-9024","post","type-post","status-publish","format-standard","hentry","category-portada","category-sin-categoria","category-tocho-morocho"],"jetpack_publicize_connections":[],"jetpack_featured_media_url":"","jetpack_sharing_enabled":true,"jetpack_shortlink":"https:\/\/wp.me\/p6id8p-2ly","_links":{"self":[{"href":"https:\/\/formalprision.com\/index.php?rest_route=\/wp\/v2\/posts\/9024","targetHints":{"allow":["GET"]}}],"collection":[{"href":"https:\/\/formalprision.com\/index.php?rest_route=\/wp\/v2\/posts"}],"about":[{"href":"https:\/\/formalprision.com\/index.php?rest_route=\/wp\/v2\/types\/post"}],"author":[{"embeddable":true,"href":"https:\/\/formalprision.com\/index.php?rest_route=\/wp\/v2\/users\/1"}],"replies":[{"embeddable":true,"href":"https:\/\/formalprision.com\/index.php?rest_route=%2Fwp%2Fv2%2Fcomments&post=9024"}],"version-history":[{"count":0,"href":"https:\/\/formalprision.com\/index.php?rest_route=\/wp\/v2\/posts\/9024\/revisions"}],"wp:attachment":[{"href":"https:\/\/formalprision.com\/index.php?rest_route=%2Fwp%2Fv2%2Fmedia&parent=9024"}],"wp:term":[{"taxonomy":"category","embeddable":true,"href":"https:\/\/formalprision.com\/index.php?rest_route=%2Fwp%2Fv2%2Fcategories&post=9024"},{"taxonomy":"post_tag","embeddable":true,"href":"https:\/\/formalprision.com\/index.php?rest_route=%2Fwp%2Fv2%2Ftags&post=9024"}],"curies":[{"name":"wp","href":"https:\/\/api.w.org\/{rel}","templated":true}]}}