{"id":9042,"date":"2010-11-24T19:17:00","date_gmt":"2010-11-24T19:17:00","guid":{"rendered":"http:\/\/formalprision.info\/2010\/11\/24\/meridanos-inician-movimiento-en-twitter\/"},"modified":"2015-06-03T08:59:53","modified_gmt":"2015-06-03T08:59:53","slug":"meridanos-inician-movimiento-en-twitter","status":"publish","type":"post","link":"https:\/\/formalprision.com\/?p=9042","title":{"rendered":"Meridanos inician movimiento en Twitter y Facebook contra cobro en estacionamientos de plazas comerciales"},"content":{"rendered":"<p><a href=\"http:\/\/4.bp.blogspot.com\/_QwiJz8zwaOw\/TO1nHYbDGSI\/AAAAAAAAB8o\/v7n2R_Bh8og\/s1600\/28042008600dk7%255B1%255D.jpg\"><img decoding=\"async\" id=\"BLOGGER_PHOTO_ID_5543200092875594018\" style=\"FLOAT: left; MARGIN: 0px 10px 10px 0px; WIDTH: 400px; CURSOR: hand; HEIGHT: 300px\" alt=\"\" src=\"http:\/\/formalprision.com\/wp-content\/uploads\/2010\/11\/28042008600dk7%5B1%5D.jpg\" border=\"0\" \/><\/a><\/p>\n<div><\/p>\n<div>A trav\u00e9s de Facebook y Twitter, cientos de meridanos han iniciado un movimiento contra los supuestos intentos de cobro en los estacionamientos de dos plazas comerciales.<\/div>\n<p><\/p>\n<div>El movimiento ha cobrado tal fuerza que hay cuentas especiales en Twitter y Facebook para adherirse al repudio contra el supuesto cobro.<\/div>\n<p><\/p>\n<div>En Facebook se cre\u00f3 la cuenta \u00abEstoy en contra de que Gran Plaza cobre por el estacionamiento\u00bb y en tan solo un d\u00eda ya se han sumado cientos de personas a la cuenta.<\/div>\n<p><\/p>\n<div>Todo surgi\u00f3 porque en esa plaza y en Altabrisa en d\u00edas pasados comenzaron a construirse lo que ser\u00e1n las casetas de acceso, en las que se supone se va a cobrar, aunque todav\u00eda no se sab\u00e9 cu\u00e1ndo y c\u00f3mo.<\/div>\n<div>Los meridanos que est\u00e1n en contra del cobro piden que la gente deje de ir a esas plazas como un boicot.<\/div>\n<div>En este portal nos sumamos a la medida y apoyaremos estando atentos a las obras en ese lugar.<\/div>\n<\/div>\n","protected":false},"excerpt":{"rendered":"<p>A trav\u00e9s de Facebook y Twitter, cientos de meridanos han iniciado un movimiento contra los supuestos intentos de cobro en los estacionamientos de dos plazas comerciales. El movimiento ha cobrado<\/p>\n","protected":false},"author":1,"featured_media":27964,"comment_status":"open","ping_status":"open","sticky":false,"template":"","format":"standard","meta":{"jetpack_post_was_ever_published":false,"_jetpack_newsletter_access":"","_jetpack_dont_email_post_to_subs":false,"_jetpack_newsletter_tier_id":0,"_jetpack_memberships_contains_paywalled_content":false,"_jetpack_memberships_contains_paid_content":false,"footnotes":"","jetpack_publicize_message":"","jetpack_publicize_feature_enabled":true,"jetpack_social_post_already_shared":false,"jetpack_social_options":{"image_generator_settings":{"template":"highway","default_image_id":0,"font":"","enabled":false},"version":2}},"categories":[3,1,49,53],"tags":[],"class_list":["post-9042","post","type-post","status-publish","format-standard","has-post-thumbnail","hentry","category-portada","category-sin-categoria","category-tocho-morocho","category-yo-no-fui"],"jetpack_publicize_connections":[],"jetpack_featured_media_url":"https:\/\/formalprision.com\/wp-content\/uploads\/2010\/11\/28042008600dk7%5B1%5D.jpg","jetpack_sharing_enabled":true,"jetpack_shortlink":"https:\/\/wp.me\/p6id8p-2lQ","_links":{"self":[{"href":"https:\/\/formalprision.com\/index.php?rest_route=\/wp\/v2\/posts\/9042","targetHints":{"allow":["GET"]}}],"collection":[{"href":"https:\/\/formalprision.com\/index.php?rest_route=\/wp\/v2\/posts"}],"about":[{"href":"https:\/\/formalprision.com\/index.php?rest_route=\/wp\/v2\/types\/post"}],"author":[{"embeddable":true,"href":"https:\/\/formalprision.com\/index.php?rest_route=\/wp\/v2\/users\/1"}],"replies":[{"embeddable":true,"href":"https:\/\/formalprision.com\/index.php?rest_route=%2Fwp%2Fv2%2Fcomments&post=9042"}],"version-history":[{"count":0,"href":"https:\/\/formalprision.com\/index.php?rest_route=\/wp\/v2\/posts\/9042\/revisions"}],"wp:featuredmedia":[{"embeddable":true,"href":"https:\/\/formalprision.com\/index.php?rest_route=\/wp\/v2\/media\/27964"}],"wp:attachment":[{"href":"https:\/\/formalprision.com\/index.php?rest_route=%2Fwp%2Fv2%2Fmedia&parent=9042"}],"wp:term":[{"taxonomy":"category","embeddable":true,"href":"https:\/\/formalprision.com\/index.php?rest_route=%2Fwp%2Fv2%2Fcategories&post=9042"},{"taxonomy":"post_tag","embeddable":true,"href":"https:\/\/formalprision.com\/index.php?rest_route=%2Fwp%2Fv2%2Ftags&post=9042"}],"curies":[{"name":"wp","href":"https:\/\/api.w.org\/{rel}","templated":true}]}}