{"id":9057,"date":"2010-11-21T17:49:00","date_gmt":"2010-11-21T17:49:00","guid":{"rendered":"http:\/\/formalprision.info\/2010\/11\/21\/par-de-malandrines-al-pena\/"},"modified":"2015-06-03T08:59:57","modified_gmt":"2015-06-03T08:59:57","slug":"par-de-malandrines-al-pena","status":"publish","type":"post","link":"https:\/\/formalprision.com\/?p=9057","title":{"rendered":"Par de malandrines al penal"},"content":{"rendered":"<p><a href=\"http:\/\/1.bp.blogspot.com\/_QwiJz8zwaOw\/TOlco8SeGXI\/AAAAAAAAB6Y\/vdI-K3SSIbQ\/s1600\/GetAttachment%255B8%255D.jpg\"><img decoding=\"async\" id=\"BLOGGER_PHOTO_ID_5542062674904226162\" style=\"FLOAT: left; MARGIN: 0px 10px 10px 0px; WIDTH: 152px; CURSOR: hand; HEIGHT: 160px\" alt=\"\" src=\"http:\/\/formalprision.com\/wp-content\/uploads\/2010\/11\/GetAttachment%5B8%5D2.jpg\" border=\"0\" \/><\/a><\/p>\n<div>Elementos de la Polic\u00eda Municipal de M\u00e9rida detuvieron ayer a las 23:20 horas a Jes\u00fas Aguilar Castro y Emilio Manuel P\u00e9rez Barbosa por asaltar a una persona en el centro.<\/div>\n<p><\/p>\n<div>Los hechos se registraron cuando agentes de la PMM se encontraban en la calle 56 por 73 y 71, cuando se percataron que sobre dicha arteria estaba corriendo P\u00e9rez Barborsa, quien era seguido por Jes\u00fas Alberto Parra Matos, procediendo los polic\u00edas a su retenci\u00f3n. <\/div>\n<p><\/p>\n<div>Al acercarse Parra Matos inform\u00f3 que momentos antes al estar caminando sobre la citada arteria la persona retenida y otro sujeto mas, lo rodearon y agredieron f\u00edsicamente, rob\u00e1ndole su tel\u00e9fono celular. <\/div>\n<p><\/p>\n<div>Al realizarse un operativo de b\u00fasqueda por el \u00e1rea, es detenido en las cercan\u00edas del lugar, en la calle 71 por 56, Aguilar Castro, quien fue plenamente identificado por el afectado. Los ahora detenidos, quienes se encontraban en estado de ebriedad, fueron trasladados a la C\u00e1rcel Municipal para su posterior remisi\u00f3n al Ministerio P\u00fablico, lugar al que Parra Matos dijo acudir a interponer la denuncia correspondiente. <\/div>\n","protected":false},"excerpt":{"rendered":"<p>Elementos de la Polic\u00eda Municipal de M\u00e9rida detuvieron ayer a las 23:20 horas a Jes\u00fas Aguilar Castro y Emilio Manuel P\u00e9rez Barbosa por asaltar a una persona en el centro.<\/p>\n","protected":false},"author":1,"featured_media":27993,"comment_status":"open","ping_status":"open","sticky":false,"template":"","format":"standard","meta":{"jetpack_post_was_ever_published":false,"_jetpack_newsletter_access":"","_jetpack_dont_email_post_to_subs":false,"_jetpack_newsletter_tier_id":0,"_jetpack_memberships_contains_paywalled_content":false,"_jetpack_memberships_contains_paid_content":false,"footnotes":"","jetpack_publicize_message":"","jetpack_publicize_feature_enabled":true,"jetpack_social_post_already_shared":false,"jetpack_social_options":{"image_generator_settings":{"template":"highway","default_image_id":0,"font":"","enabled":false},"version":2}},"categories":[3,57,1],"tags":[],"class_list":["post-9057","post","type-post","status-publish","format-standard","has-post-thumbnail","hentry","category-portada","category-ratas","category-sin-categoria"],"jetpack_publicize_connections":[],"jetpack_featured_media_url":"https:\/\/formalprision.com\/wp-content\/uploads\/2010\/11\/GetAttachment%5B8%5D2.jpg","jetpack_sharing_enabled":true,"jetpack_shortlink":"https:\/\/wp.me\/p6id8p-2m5","_links":{"self":[{"href":"https:\/\/formalprision.com\/index.php?rest_route=\/wp\/v2\/posts\/9057","targetHints":{"allow":["GET"]}}],"collection":[{"href":"https:\/\/formalprision.com\/index.php?rest_route=\/wp\/v2\/posts"}],"about":[{"href":"https:\/\/formalprision.com\/index.php?rest_route=\/wp\/v2\/types\/post"}],"author":[{"embeddable":true,"href":"https:\/\/formalprision.com\/index.php?rest_route=\/wp\/v2\/users\/1"}],"replies":[{"embeddable":true,"href":"https:\/\/formalprision.com\/index.php?rest_route=%2Fwp%2Fv2%2Fcomments&post=9057"}],"version-history":[{"count":0,"href":"https:\/\/formalprision.com\/index.php?rest_route=\/wp\/v2\/posts\/9057\/revisions"}],"wp:featuredmedia":[{"embeddable":true,"href":"https:\/\/formalprision.com\/index.php?rest_route=\/wp\/v2\/media\/27993"}],"wp:attachment":[{"href":"https:\/\/formalprision.com\/index.php?rest_route=%2Fwp%2Fv2%2Fmedia&parent=9057"}],"wp:term":[{"taxonomy":"category","embeddable":true,"href":"https:\/\/formalprision.com\/index.php?rest_route=%2Fwp%2Fv2%2Fcategories&post=9057"},{"taxonomy":"post_tag","embeddable":true,"href":"https:\/\/formalprision.com\/index.php?rest_route=%2Fwp%2Fv2%2Ftags&post=9057"}],"curies":[{"name":"wp","href":"https:\/\/api.w.org\/{rel}","templated":true}]}}