{"id":9058,"date":"2010-11-20T20:27:00","date_gmt":"2010-11-20T20:27:00","guid":{"rendered":"http:\/\/formalprision.info\/2010\/11\/20\/explosion-e-incendio-de-autobus-en\/"},"modified":"2015-06-03T08:59:57","modified_gmt":"2015-06-03T08:59:57","slug":"explosion-e-incendio-de-autobus-en","status":"publish","type":"post","link":"https:\/\/formalprision.com\/?p=9058","title":{"rendered":"Explosi\u00f3n e incendio de autob\u00fas en Pacabt\u00fan"},"content":{"rendered":"<p><a href=\"http:\/\/2.bp.blogspot.com\/_QwiJz8zwaOw\/TOgxdTBGTwI\/AAAAAAAAB6M\/hmTRV08BXVQ\/s1600\/aaaafuego%2Bfuego.jpg\"><img decoding=\"async\" id=\"BLOGGER_PHOTO_ID_5541733720870244098\" style=\"FLOAT: left; MARGIN: 0px 10px 10px 0px; WIDTH: 275px; CURSOR: hand; HEIGHT: 366px\" alt=\"\" src=\"http:\/\/formalprision.com\/wp-content\/uploads\/2010\/11\/aaaafuego-fuego.jpg\" border=\"0\" \/><\/a><\/p>\n<div>Un autob\u00fas de la ruta Fidel Vel\u00e1zquez- Pacabt\u00fan qued\u00e7o reducido a fierros retorcidos ested\u00eda al incendiarse en pleno movimiento cerca del parque del Pez Volador, en Pacabt\u00fain.<\/div>\n<p><\/p>\n<div>\u00abBaj\u00e9nse rpido que esta madre va a explotar\u00bb le dijo el chofer a sus pasajeros, seg\u00fan las propias palabras del conductor de la unidad, Wilberth Cab.<\/div>\n<p><\/p>\n<div>Por fortuna solo iban cuatro pasajeros, lo que permiti\u00f3 que bajaran r\u00e1p\u00ecdo y se pusieran a salvo.<\/div>\n<p><\/p>\n<div>El fuego devor\u00f3 al minib\u00fas en pocos minutos e in\u00fatiles fueron los intentos de apagar las llamas con cuatro extinguidores que la gente le prest\u00f3 al camionero.<\/div>\n<p><\/p>\n<div>Los bomberos de la SSP lllegaron y controlaron la situaci\u00f3n en 20 minutos, pero las llamas hab\u00edan hecho su trabajo.<\/div>\n<p><\/p>\n<div>El siniestro ocurri\u00f3 a la 1:35 de la tarde en la avenida 50 por 47 de Pacabt\u00fan.<\/div>\n<p><\/p>\n<div>La electricidad se fue por la zona porque las llamas alcanzaron los cables y da\u00f1aron un transformador.<\/div>\n<p><\/p>\n<div><\/div>\n","protected":false},"excerpt":{"rendered":"<p>Un autob\u00fas de la ruta Fidel Vel\u00e1zquez- Pacabt\u00fan qued\u00e7o reducido a fierros retorcidos ested\u00eda al incendiarse en pleno movimiento cerca del parque del Pez Volador, en Pacabt\u00fain. \u00abBaj\u00e9nse rpido que<\/p>\n","protected":false},"author":1,"featured_media":27995,"comment_status":"open","ping_status":"open","sticky":false,"template":"","format":"standard","meta":{"jetpack_post_was_ever_published":false,"_jetpack_newsletter_access":"","_jetpack_dont_email_post_to_subs":false,"_jetpack_newsletter_tier_id":0,"_jetpack_memberships_contains_paywalled_content":false,"_jetpack_memberships_contains_paid_content":false,"footnotes":"","jetpack_publicize_message":"","jetpack_publicize_feature_enabled":true,"jetpack_social_post_already_shared":false,"jetpack_social_options":{"image_generator_settings":{"template":"highway","default_image_id":0,"font":"","enabled":false},"version":2}},"categories":[56,3,1],"tags":[],"class_list":["post-9058","post","type-post","status-publish","format-standard","has-post-thumbnail","hentry","category-incendios","category-portada","category-sin-categoria"],"jetpack_publicize_connections":[],"jetpack_featured_media_url":"https:\/\/formalprision.com\/wp-content\/uploads\/2010\/11\/aaaafuego-fuego.jpg","jetpack_sharing_enabled":true,"jetpack_shortlink":"https:\/\/wp.me\/p6id8p-2m6","_links":{"self":[{"href":"https:\/\/formalprision.com\/index.php?rest_route=\/wp\/v2\/posts\/9058","targetHints":{"allow":["GET"]}}],"collection":[{"href":"https:\/\/formalprision.com\/index.php?rest_route=\/wp\/v2\/posts"}],"about":[{"href":"https:\/\/formalprision.com\/index.php?rest_route=\/wp\/v2\/types\/post"}],"author":[{"embeddable":true,"href":"https:\/\/formalprision.com\/index.php?rest_route=\/wp\/v2\/users\/1"}],"replies":[{"embeddable":true,"href":"https:\/\/formalprision.com\/index.php?rest_route=%2Fwp%2Fv2%2Fcomments&post=9058"}],"version-history":[{"count":0,"href":"https:\/\/formalprision.com\/index.php?rest_route=\/wp\/v2\/posts\/9058\/revisions"}],"wp:featuredmedia":[{"embeddable":true,"href":"https:\/\/formalprision.com\/index.php?rest_route=\/wp\/v2\/media\/27995"}],"wp:attachment":[{"href":"https:\/\/formalprision.com\/index.php?rest_route=%2Fwp%2Fv2%2Fmedia&parent=9058"}],"wp:term":[{"taxonomy":"category","embeddable":true,"href":"https:\/\/formalprision.com\/index.php?rest_route=%2Fwp%2Fv2%2Fcategories&post=9058"},{"taxonomy":"post_tag","embeddable":true,"href":"https:\/\/formalprision.com\/index.php?rest_route=%2Fwp%2Fv2%2Ftags&post=9058"}],"curies":[{"name":"wp","href":"https:\/\/api.w.org\/{rel}","templated":true}]}}