{"id":9076,"date":"2010-11-16T17:01:00","date_gmt":"2010-11-16T17:01:00","guid":{"rendered":"http:\/\/formalprision.info\/2010\/11\/16\/caos-vial-en-el-poniente-por\/"},"modified":"2015-06-03T09:00:00","modified_gmt":"2015-06-03T09:00:00","slug":"caos-vial-en-el-poniente-por","status":"publish","type":"post","link":"https:\/\/formalprision.com\/?p=9076","title":{"rendered":"Caos v\u00edal en el Poniente por motociclista atropellado en Perif\u00e9rico"},"content":{"rendered":"<p>Un accidente automovili\u00edstico ocurrido esta ma\u00f1ana desquici\u00f3 el tr\u00e1fico en el Anillo Perif\u00e9rico y la avenida Jacinto Canek.<br \/>El percance ocurri\u00f3 poco despu\u00e9s de las 8 de la ma\u00f1ana ,  cerca de la entrada a Chenk\u00fa, pero ocaison\u00f3 gigantesco embotellamiento que lleg\u00f3 en la v\u00eda a Caucel y la avenida Canek.<br \/>En el accidente estuvieron involcurados un VW Sed\u00e1n una motocicleta.<br \/>El VW Sed\u00e1n atropell\u00f3 al motociclista, quien sufri\u00f3 fracturas en varias partes del cuerpo.<br \/>Fue atendido por param\u00e9dicos de la ambulancia 21-D y luego llevado a un hospital.<br \/>Durante cerca de una hora hubo congestionamiento vial porque la motocicleta qued\u00f3 casi en medio de la v\u00eda y el volchito en otro carril, por lo que la polic\u00eda tuo que cerrar dos de los carriles mientras llegaban los peritos.<\/p>\n","protected":false},"excerpt":{"rendered":"<p>Un accidente automovili\u00edstico ocurrido esta ma\u00f1ana desquici\u00f3 el tr\u00e1fico en el Anillo Perif\u00e9rico y la avenida Jacinto Canek.El percance ocurri\u00f3 poco despu\u00e9s de las 8 de la ma\u00f1ana , cerca<\/p>\n","protected":false},"author":1,"featured_media":0,"comment_status":"open","ping_status":"open","sticky":false,"template":"","format":"standard","meta":{"jetpack_post_was_ever_published":false,"_jetpack_newsletter_access":"","_jetpack_dont_email_post_to_subs":false,"_jetpack_newsletter_tier_id":0,"_jetpack_memberships_contains_paywalled_content":false,"_jetpack_memberships_contains_paid_content":false,"footnotes":"","jetpack_publicize_message":"","jetpack_publicize_feature_enabled":true,"jetpack_social_post_already_shared":false,"jetpack_social_options":{"image_generator_settings":{"template":"highway","default_image_id":0,"font":"","enabled":false},"version":2}},"categories":[60,3,1],"tags":[],"class_list":["post-9076","post","type-post","status-publish","format-standard","hentry","category-cafres","category-portada","category-sin-categoria"],"jetpack_publicize_connections":[],"jetpack_featured_media_url":"","jetpack_sharing_enabled":true,"jetpack_shortlink":"https:\/\/wp.me\/p6id8p-2mo","_links":{"self":[{"href":"https:\/\/formalprision.com\/index.php?rest_route=\/wp\/v2\/posts\/9076","targetHints":{"allow":["GET"]}}],"collection":[{"href":"https:\/\/formalprision.com\/index.php?rest_route=\/wp\/v2\/posts"}],"about":[{"href":"https:\/\/formalprision.com\/index.php?rest_route=\/wp\/v2\/types\/post"}],"author":[{"embeddable":true,"href":"https:\/\/formalprision.com\/index.php?rest_route=\/wp\/v2\/users\/1"}],"replies":[{"embeddable":true,"href":"https:\/\/formalprision.com\/index.php?rest_route=%2Fwp%2Fv2%2Fcomments&post=9076"}],"version-history":[{"count":0,"href":"https:\/\/formalprision.com\/index.php?rest_route=\/wp\/v2\/posts\/9076\/revisions"}],"wp:attachment":[{"href":"https:\/\/formalprision.com\/index.php?rest_route=%2Fwp%2Fv2%2Fmedia&parent=9076"}],"wp:term":[{"taxonomy":"category","embeddable":true,"href":"https:\/\/formalprision.com\/index.php?rest_route=%2Fwp%2Fv2%2Fcategories&post=9076"},{"taxonomy":"post_tag","embeddable":true,"href":"https:\/\/formalprision.com\/index.php?rest_route=%2Fwp%2Fv2%2Ftags&post=9076"}],"curies":[{"name":"wp","href":"https:\/\/api.w.org\/{rel}","templated":true}]}}