{"id":9097,"date":"2010-11-10T15:59:00","date_gmt":"2010-11-10T15:59:00","guid":{"rendered":"http:\/\/formalprision.info\/2010\/11\/10\/cae-otro-ladron-de-cables-de-la-banda\/"},"modified":"2015-06-03T09:00:07","modified_gmt":"2015-06-03T09:00:07","slug":"cae-otro-ladron-de-cables-de-la-banda","status":"publish","type":"post","link":"https:\/\/formalprision.com\/?p=9097","title":{"rendered":"Cae otro ladr\u00f3n de cables de la banda del Ayuntamiento de M\u00e9rida"},"content":{"rendered":"<p><a href=\"http:\/\/1.bp.blogspot.com\/_QwiJz8zwaOw\/TNo6oucGJZI\/AAAAAAAAB1k\/MoEw45cYlmk\/s1600\/GetAttachment%255B8%255D.jpg\"><img decoding=\"async\" id=\"BLOGGER_PHOTO_ID_5537803163140498834\" style=\"FLOAT: left; MARGIN: 0px 10px 10px 0px; WIDTH: 160px; CURSOR: hand; HEIGHT: 213px\" alt=\"\" src=\"http:\/\/formalprision.com\/wp-content\/uploads\/2010\/11\/GetAttachment%5B8%5D4.jpg\" border=\"0\" \/><\/a><\/p>\n<div>Otro ladr\u00f3n de cables de la banda de ratas del Ayuntamiento de M\u00e9rida fue detenido ayer por agentes de la Secretar\u00eda de Seguridad P\u00fablica.<\/div>\n<p><\/p>\n<div>Esta vez, el ladr\u00f3n, que no es un pol\u00edtico, llevaba 90 kilogramos de cabler\u00eda de cobre, misma que rob\u00f3 del alumbrado.<\/div>\n<p><\/p>\n<div>Este sujeto dijo llamarse Felipe de Jes\u00fas Poot Xuffi, de 22 a\u00f1ejos de edad.<\/div>\n<p><\/p>\n<div>Fue detenido en la calle 57 entre 82 y 84 de Ciudad Caucel cuando cargaba un rollo del cable que momentos desmantel\u00f3 del sistema de alumbrado.<\/div>\n<p><\/p>\n<div>Llevaba pinzas y otras herramientas para realizar su trabajo.<\/div>\n<p><\/p>\n<div>El sujeto admiti\u00f3 el robo, pero no quiso decir si pertenece a la banda de ladrones del Ayuntamiento de M\u00e9rida, de esos que no son pol\u00edticos ni tienen permiso para robar.<\/div>\n<p><\/p>\n<div>El detenido fue remitio al Ministerio P\u00fablico<\/div>\n","protected":false},"excerpt":{"rendered":"<p>Otro ladr\u00f3n de cables de la banda de ratas del Ayuntamiento de M\u00e9rida fue detenido ayer por agentes de la Secretar\u00eda de Seguridad P\u00fablica. Esta vez, el ladr\u00f3n, que no<\/p>\n","protected":false},"author":1,"featured_media":28065,"comment_status":"open","ping_status":"open","sticky":false,"template":"","format":"standard","meta":{"jetpack_post_was_ever_published":false,"_jetpack_newsletter_access":"","_jetpack_dont_email_post_to_subs":false,"_jetpack_newsletter_tier_id":0,"_jetpack_memberships_contains_paywalled_content":false,"_jetpack_memberships_contains_paid_content":false,"footnotes":"","jetpack_publicize_message":"","jetpack_publicize_feature_enabled":true,"jetpack_social_post_already_shared":false,"jetpack_social_options":{"image_generator_settings":{"template":"highway","default_image_id":0,"font":"","enabled":false},"version":2}},"categories":[50,3,57,1],"tags":[],"class_list":["post-9097","post","type-post","status-publish","format-standard","has-post-thumbnail","hentry","category-machines","category-portada","category-ratas","category-sin-categoria"],"jetpack_publicize_connections":[],"jetpack_featured_media_url":"https:\/\/formalprision.com\/wp-content\/uploads\/2010\/11\/GetAttachment%5B8%5D4.jpg","jetpack_sharing_enabled":true,"jetpack_shortlink":"https:\/\/wp.me\/p6id8p-2mJ","_links":{"self":[{"href":"https:\/\/formalprision.com\/index.php?rest_route=\/wp\/v2\/posts\/9097","targetHints":{"allow":["GET"]}}],"collection":[{"href":"https:\/\/formalprision.com\/index.php?rest_route=\/wp\/v2\/posts"}],"about":[{"href":"https:\/\/formalprision.com\/index.php?rest_route=\/wp\/v2\/types\/post"}],"author":[{"embeddable":true,"href":"https:\/\/formalprision.com\/index.php?rest_route=\/wp\/v2\/users\/1"}],"replies":[{"embeddable":true,"href":"https:\/\/formalprision.com\/index.php?rest_route=%2Fwp%2Fv2%2Fcomments&post=9097"}],"version-history":[{"count":0,"href":"https:\/\/formalprision.com\/index.php?rest_route=\/wp\/v2\/posts\/9097\/revisions"}],"wp:featuredmedia":[{"embeddable":true,"href":"https:\/\/formalprision.com\/index.php?rest_route=\/wp\/v2\/media\/28065"}],"wp:attachment":[{"href":"https:\/\/formalprision.com\/index.php?rest_route=%2Fwp%2Fv2%2Fmedia&parent=9097"}],"wp:term":[{"taxonomy":"category","embeddable":true,"href":"https:\/\/formalprision.com\/index.php?rest_route=%2Fwp%2Fv2%2Fcategories&post=9097"},{"taxonomy":"post_tag","embeddable":true,"href":"https:\/\/formalprision.com\/index.php?rest_route=%2Fwp%2Fv2%2Ftags&post=9097"}],"curies":[{"name":"wp","href":"https:\/\/api.w.org\/{rel}","templated":true}]}}