{"id":9103,"date":"2010-11-10T05:19:00","date_gmt":"2010-11-10T05:19:00","guid":{"rendered":"http:\/\/formalprision.info\/2010\/11\/10\/patrulla-choca-en-pensiones-6-heridos\/"},"modified":"2015-06-03T09:00:08","modified_gmt":"2015-06-03T09:00:08","slug":"patrulla-choca-en-pensiones-6-heridos","status":"publish","type":"post","link":"https:\/\/formalprision.com\/?p=9103","title":{"rendered":"Patrulla choca en Pensiones:  6  heridos"},"content":{"rendered":"<p><a href=\"http:\/\/1.bp.blogspot.com\/_QwiJz8zwaOw\/TNo3ZIm8r-I\/AAAAAAAAB1c\/U6wKaZ66UUk\/s1600\/organigrama%255B1%255D.jpg\"><img decoding=\"async\" id=\"BLOGGER_PHOTO_ID_5537799596752547810\" style=\"FLOAT: left; MARGIN: 0px 10px 10px 0px; WIDTH: 400px; CURSOR: hand; HEIGHT: 300px\" alt=\"\" src=\"http:\/\/formalprision.com\/wp-content\/uploads\/2010\/11\/organigrama%5B1%5D.jpg\" border=\"0\" \/><\/a><\/p>\n<div>Un carro-patrulla de la Secretar\u00eda de Seguridad P\u00fablica colision\u00f3 hoy con un autom\u00f3vil particular.<br \/>El polic\u00eda que manejaba la unidad oficial intent\u00f3 dar vuelta entre camellones, observ\u00f3 que un veh\u00edculo marcaba con sus direccionales para dar vuelta en U; pero no se percat\u00f3 de la proximidad de otro autom\u00f3vil y provoc\u00f3 el choque.<br \/>Los hechos ocurrieron a las 20:35 horas en la avenida Alfredo Barrera V\u00e1zquez por calle 40 de la colonia Pensiones. El veh\u00edculo oficial, placas YZG-5767, n\u00famero econ\u00f3mico 5767, colision\u00f3 con el Mazda placas UVX-8876, del estado de Quintana Roo, y al continuar su trayectoria se impact\u00f3 contra el muro de un predio.<br \/>El polic\u00eda que manejaba la unidad y su acompa\u00f1ante fueron trasladados a un hospital. Tambi\u00e9n los cuatro ocupantes del auto particular, para su valoraci\u00f3n por contusiones.<br \/>La unidad oficial result\u00f3 responsable del percance<\/div>\n","protected":false},"excerpt":{"rendered":"<p>Un carro-patrulla de la Secretar\u00eda de Seguridad P\u00fablica colision\u00f3 hoy con un autom\u00f3vil particular.El polic\u00eda que manejaba la unidad oficial intent\u00f3 dar vuelta entre camellones, observ\u00f3 que un veh\u00edculo marcaba<\/p>\n","protected":false},"author":1,"featured_media":28075,"comment_status":"open","ping_status":"open","sticky":false,"template":"","format":"standard","meta":{"jetpack_post_was_ever_published":false,"_jetpack_newsletter_access":"","_jetpack_dont_email_post_to_subs":false,"_jetpack_newsletter_tier_id":0,"_jetpack_memberships_contains_paywalled_content":false,"_jetpack_memberships_contains_paid_content":false,"footnotes":"","jetpack_publicize_message":"","jetpack_publicize_feature_enabled":true,"jetpack_social_post_already_shared":false,"jetpack_social_options":{"image_generator_settings":{"template":"highway","default_image_id":0,"font":"","enabled":false},"version":2}},"categories":[60,50,3,1],"tags":[],"class_list":["post-9103","post","type-post","status-publish","format-standard","has-post-thumbnail","hentry","category-cafres","category-machines","category-portada","category-sin-categoria"],"jetpack_publicize_connections":[],"jetpack_featured_media_url":"https:\/\/formalprision.com\/wp-content\/uploads\/2010\/11\/organigrama%5B1%5D.jpg","jetpack_sharing_enabled":true,"jetpack_shortlink":"https:\/\/wp.me\/p6id8p-2mP","_links":{"self":[{"href":"https:\/\/formalprision.com\/index.php?rest_route=\/wp\/v2\/posts\/9103","targetHints":{"allow":["GET"]}}],"collection":[{"href":"https:\/\/formalprision.com\/index.php?rest_route=\/wp\/v2\/posts"}],"about":[{"href":"https:\/\/formalprision.com\/index.php?rest_route=\/wp\/v2\/types\/post"}],"author":[{"embeddable":true,"href":"https:\/\/formalprision.com\/index.php?rest_route=\/wp\/v2\/users\/1"}],"replies":[{"embeddable":true,"href":"https:\/\/formalprision.com\/index.php?rest_route=%2Fwp%2Fv2%2Fcomments&post=9103"}],"version-history":[{"count":0,"href":"https:\/\/formalprision.com\/index.php?rest_route=\/wp\/v2\/posts\/9103\/revisions"}],"wp:featuredmedia":[{"embeddable":true,"href":"https:\/\/formalprision.com\/index.php?rest_route=\/wp\/v2\/media\/28075"}],"wp:attachment":[{"href":"https:\/\/formalprision.com\/index.php?rest_route=%2Fwp%2Fv2%2Fmedia&parent=9103"}],"wp:term":[{"taxonomy":"category","embeddable":true,"href":"https:\/\/formalprision.com\/index.php?rest_route=%2Fwp%2Fv2%2Fcategories&post=9103"},{"taxonomy":"post_tag","embeddable":true,"href":"https:\/\/formalprision.com\/index.php?rest_route=%2Fwp%2Fv2%2Ftags&post=9103"}],"curies":[{"name":"wp","href":"https:\/\/api.w.org\/{rel}","templated":true}]}}