{"id":9105,"date":"2010-11-09T18:40:00","date_gmt":"2010-11-09T18:40:00","guid":{"rendered":"http:\/\/formalprision.info\/2010\/11\/09\/la-ssp-detiene-empleado-de\/"},"modified":"2015-06-03T09:00:11","modified_gmt":"2015-06-03T09:00:11","slug":"la-ssp-detiene-empleado-de","status":"publish","type":"post","link":"https:\/\/formalprision.com\/?p=9105","title":{"rendered":"La SSP detiene a empleado del Ayuntamiento de M\u00e9rida por robo"},"content":{"rendered":"<p><a href=\"http:\/\/3.bp.blogspot.com\/_QwiJz8zwaOw\/TNnI2RHKarI\/AAAAAAAAB1U\/HVrpQ-yn6WU\/s1600\/GetAttachment%255B7%255D.jpg\"><img decoding=\"async\" id=\"BLOGGER_PHOTO_ID_5537678051460672178\" style=\"FLOAT: left; MARGIN: 0px 10px 10px 0px; WIDTH: 213px; CURSOR: hand; HEIGHT: 160px\" alt=\"\" src=\"http:\/\/formalprision.com\/wp-content\/uploads\/2010\/11\/GetAttachment%5B7%5D2.jpg\" border=\"0\" \/><\/a><\/p>\n<div>Agentes de la SSP detuvieron al empleado municipal Juan Carlos Oy<br \/>C\u00e1mara, sorprendido robando cables de alumbrado p\u00fablico.<br \/>El trabajador es empleado de los Servicios P\u00fablicos Municipales.<br \/>Este d\u00eda, el Ayuntamiento de M\u00e9rida interpuso la denuncia ante el<br \/>Ministerio P\u00fablico.<br \/>El representante de la comuna meridana, Agust\u00edn Orteg\u00f3n Xequ\u00e9 ,<br \/>interpuso la denuncia<\/div>\n","protected":false},"excerpt":{"rendered":"<p>Agentes de la SSP detuvieron al empleado municipal Juan Carlos OyC\u00e1mara, sorprendido robando cables de alumbrado p\u00fablico.El trabajador es empleado de los Servicios P\u00fablicos Municipales.Este d\u00eda, el Ayuntamiento de M\u00e9rida<\/p>\n","protected":false},"author":1,"featured_media":28078,"comment_status":"open","ping_status":"open","sticky":false,"template":"","format":"standard","meta":{"jetpack_post_was_ever_published":false,"_jetpack_newsletter_access":"","_jetpack_dont_email_post_to_subs":false,"_jetpack_newsletter_tier_id":0,"_jetpack_memberships_contains_paywalled_content":false,"_jetpack_memberships_contains_paid_content":false,"footnotes":"","jetpack_publicize_message":"","jetpack_publicize_feature_enabled":true,"jetpack_social_post_already_shared":false,"jetpack_social_options":{"image_generator_settings":{"template":"highway","default_image_id":0,"font":"","enabled":false},"version":2}},"categories":[45,3,1],"tags":[],"class_list":["post-9105","post","type-post","status-publish","format-standard","has-post-thumbnail","hentry","category-delincuentes-vip","category-portada","category-sin-categoria"],"jetpack_publicize_connections":[],"jetpack_featured_media_url":"https:\/\/formalprision.com\/wp-content\/uploads\/2010\/11\/GetAttachment%5B7%5D2.jpg","jetpack_sharing_enabled":true,"jetpack_shortlink":"https:\/\/wp.me\/p6id8p-2mR","_links":{"self":[{"href":"https:\/\/formalprision.com\/index.php?rest_route=\/wp\/v2\/posts\/9105","targetHints":{"allow":["GET"]}}],"collection":[{"href":"https:\/\/formalprision.com\/index.php?rest_route=\/wp\/v2\/posts"}],"about":[{"href":"https:\/\/formalprision.com\/index.php?rest_route=\/wp\/v2\/types\/post"}],"author":[{"embeddable":true,"href":"https:\/\/formalprision.com\/index.php?rest_route=\/wp\/v2\/users\/1"}],"replies":[{"embeddable":true,"href":"https:\/\/formalprision.com\/index.php?rest_route=%2Fwp%2Fv2%2Fcomments&post=9105"}],"version-history":[{"count":0,"href":"https:\/\/formalprision.com\/index.php?rest_route=\/wp\/v2\/posts\/9105\/revisions"}],"wp:featuredmedia":[{"embeddable":true,"href":"https:\/\/formalprision.com\/index.php?rest_route=\/wp\/v2\/media\/28078"}],"wp:attachment":[{"href":"https:\/\/formalprision.com\/index.php?rest_route=%2Fwp%2Fv2%2Fmedia&parent=9105"}],"wp:term":[{"taxonomy":"category","embeddable":true,"href":"https:\/\/formalprision.com\/index.php?rest_route=%2Fwp%2Fv2%2Fcategories&post=9105"},{"taxonomy":"post_tag","embeddable":true,"href":"https:\/\/formalprision.com\/index.php?rest_route=%2Fwp%2Fv2%2Ftags&post=9105"}],"curies":[{"name":"wp","href":"https:\/\/api.w.org\/{rel}","templated":true}]}}