{"id":9106,"date":"2010-11-09T17:34:00","date_gmt":"2010-11-09T17:34:00","guid":{"rendered":"http:\/\/formalprision.info\/2010\/11\/09\/se-hiere-con-su-rifle-por-matar\/"},"modified":"2015-06-03T09:00:11","modified_gmt":"2015-06-03T09:00:11","slug":"se-hiere-con-su-rifle-por-matar","status":"publish","type":"post","link":"https:\/\/formalprision.com\/?p=9106","title":{"rendered":"Se hiere con su rifle por matar lagartijas"},"content":{"rendered":"<p><a href=\"http:\/\/1.bp.blogspot.com\/_QwiJz8zwaOw\/TNjfTI-GQvI\/AAAAAAAAB1E\/58407HNupZE\/s1600\/_42235496_lagartija%255B1%255D.jpg\"><img decoding=\"async\" id=\"BLOGGER_PHOTO_ID_5537421261770474226\" style=\"FLOAT: left; MARGIN: 0px 10px 10px 0px; WIDTH: 300px; CURSOR: hand; HEIGHT: 300px\" alt=\"\" src=\"http:\/\/formalprision.com\/wp-content\/uploads\/2010\/11\/42235496_lagartija%5B1%5D.jpg\" border=\"0\" \/><\/a><\/p>\n<div>V\u00edctima de la venganza de la lagartija que quiso matar con un rifle de copitas, un adolescente de Um\u00e1n tuvo que ser hospitalizado porque la bala le dio al animal m\u00e1s grande de los que estaban ah\u00ed.<\/div>\n<p><\/p>\n<div>LUIS FERNANDO MEX V\u00c1ZQUEZ, de 14 a\u00f1os de edad y vecino de la colonia Bosques de Um\u00e1n, confes\u00f3 que ayer como a las 16:00 horas, se encontraba en el domicilio de su abuelo, en donde comenz\u00f3 a dispararle a unas lagartijas con un rifle de copitas, pese a que los animalitos no le hac\u00edan nada.<\/div>\n<p><\/p>\n<div>En lo que cree que fue un descuido, pero que en realidad fue la venganza de las lagartijas, al asentar fuertemente el rifle en el suelo, se produjo un disparo y debido a que ten\u00eda su mano en la boca del ca\u00f1\u00f3n result\u00f3 herido, por lo que fue trasladado a la cl\u00ednica T-1 del IMSS.<\/div>\n<p><\/p>\n<div>Presenta un orificio de arma de fuego en la palma de la mano derecha<\/div>\n","protected":false},"excerpt":{"rendered":"<p>V\u00edctima de la venganza de la lagartija que quiso matar con un rifle de copitas, un adolescente de Um\u00e1n tuvo que ser hospitalizado porque la bala le dio al animal<\/p>\n","protected":false},"author":1,"featured_media":28080,"comment_status":"open","ping_status":"open","sticky":false,"template":"","format":"standard","meta":{"jetpack_post_was_ever_published":false,"_jetpack_newsletter_access":"","_jetpack_dont_email_post_to_subs":false,"_jetpack_newsletter_tier_id":0,"_jetpack_memberships_contains_paywalled_content":false,"_jetpack_memberships_contains_paid_content":false,"footnotes":"","jetpack_publicize_message":"","jetpack_publicize_feature_enabled":true,"jetpack_social_post_already_shared":false,"jetpack_social_options":{"image_generator_settings":{"template":"highway","default_image_id":0,"font":"","enabled":false},"version":2}},"categories":[59,3,1],"tags":[],"class_list":["post-9106","post","type-post","status-publish","format-standard","has-post-thumbnail","hentry","category-asesinos","category-portada","category-sin-categoria"],"jetpack_publicize_connections":[],"jetpack_featured_media_url":"https:\/\/formalprision.com\/wp-content\/uploads\/2010\/11\/42235496_lagartija%5B1%5D.jpg","jetpack_sharing_enabled":true,"jetpack_shortlink":"https:\/\/wp.me\/p6id8p-2mS","_links":{"self":[{"href":"https:\/\/formalprision.com\/index.php?rest_route=\/wp\/v2\/posts\/9106","targetHints":{"allow":["GET"]}}],"collection":[{"href":"https:\/\/formalprision.com\/index.php?rest_route=\/wp\/v2\/posts"}],"about":[{"href":"https:\/\/formalprision.com\/index.php?rest_route=\/wp\/v2\/types\/post"}],"author":[{"embeddable":true,"href":"https:\/\/formalprision.com\/index.php?rest_route=\/wp\/v2\/users\/1"}],"replies":[{"embeddable":true,"href":"https:\/\/formalprision.com\/index.php?rest_route=%2Fwp%2Fv2%2Fcomments&post=9106"}],"version-history":[{"count":0,"href":"https:\/\/formalprision.com\/index.php?rest_route=\/wp\/v2\/posts\/9106\/revisions"}],"wp:featuredmedia":[{"embeddable":true,"href":"https:\/\/formalprision.com\/index.php?rest_route=\/wp\/v2\/media\/28080"}],"wp:attachment":[{"href":"https:\/\/formalprision.com\/index.php?rest_route=%2Fwp%2Fv2%2Fmedia&parent=9106"}],"wp:term":[{"taxonomy":"category","embeddable":true,"href":"https:\/\/formalprision.com\/index.php?rest_route=%2Fwp%2Fv2%2Fcategories&post=9106"},{"taxonomy":"post_tag","embeddable":true,"href":"https:\/\/formalprision.com\/index.php?rest_route=%2Fwp%2Fv2%2Ftags&post=9106"}],"curies":[{"name":"wp","href":"https:\/\/api.w.org\/{rel}","templated":true}]}}