{"id":9110,"date":"2010-11-08T17:10:00","date_gmt":"2010-11-08T17:10:00","guid":{"rendered":"http:\/\/formalprision.info\/2010\/11\/08\/detienen-dos-sospechosos-por-el-crimen\/"},"modified":"2015-06-03T09:00:12","modified_gmt":"2015-06-03T09:00:12","slug":"detienen-dos-sospechosos-por-el-crimen","status":"publish","type":"post","link":"https:\/\/formalprision.com\/?p=9110","title":{"rendered":"Detienen a dos sospechosos por el crimen de empleado de la PGR"},"content":{"rendered":"<p>La Polic\u00eda Juicial del Estado detuvo ya a dos sospechosos del crimen de Roger Loria L\u00f3pez, quien se desempe\u00f1aba como empleado administrativo de la delegaci\u00f3n de la Procuradur\u00eda General de la Republica en Valladolid.<br \/>Los dos sujetos son interrogados, pero todav\u00eda no se informa si est\u00e1n invlucrados directamente en el asesinato.<br \/>Hasta el momento est\u00e1 casi descartado que el asesinato haya tenido relaci\u00f3n con el trabajo del occiso eb la PGR.<br \/>Tambi\u00e9n se da por descontado que el crimen organiizado tenga algo qu\u00e9 ver, pero contin\u00faan las pesquisas para descartarlo totalmente.<br \/>La l\u00ednea de investigaci\u00f3n m\u00e1s fuerte es la del crimen pasional.<br \/>El joven presuntamente tuvo un convivi\u00f3 con quienes luego lo ultimaron de un balazo en su casa.<br \/>El asesinado no ocupaba un cargo importante en las oficinas de la PGR en esa ciudad<\/p>\n","protected":false},"excerpt":{"rendered":"<p>La Polic\u00eda Juicial del Estado detuvo ya a dos sospechosos del crimen de Roger Loria L\u00f3pez, quien se desempe\u00f1aba como empleado administrativo de la delegaci\u00f3n de la Procuradur\u00eda General de<\/p>\n","protected":false},"author":1,"featured_media":0,"comment_status":"open","ping_status":"open","sticky":false,"template":"","format":"standard","meta":{"jetpack_post_was_ever_published":false,"_jetpack_newsletter_access":"","_jetpack_dont_email_post_to_subs":false,"_jetpack_newsletter_tier_id":0,"_jetpack_memberships_contains_paywalled_content":false,"_jetpack_memberships_contains_paid_content":false,"footnotes":"","jetpack_publicize_message":"","jetpack_publicize_feature_enabled":true,"jetpack_social_post_already_shared":false,"jetpack_social_options":{"image_generator_settings":{"template":"highway","default_image_id":0,"font":"","enabled":false},"version":2}},"categories":[59,3,1],"tags":[],"class_list":["post-9110","post","type-post","status-publish","format-standard","hentry","category-asesinos","category-portada","category-sin-categoria"],"jetpack_publicize_connections":[],"jetpack_featured_media_url":"","jetpack_sharing_enabled":true,"jetpack_shortlink":"https:\/\/wp.me\/p6id8p-2mW","_links":{"self":[{"href":"https:\/\/formalprision.com\/index.php?rest_route=\/wp\/v2\/posts\/9110","targetHints":{"allow":["GET"]}}],"collection":[{"href":"https:\/\/formalprision.com\/index.php?rest_route=\/wp\/v2\/posts"}],"about":[{"href":"https:\/\/formalprision.com\/index.php?rest_route=\/wp\/v2\/types\/post"}],"author":[{"embeddable":true,"href":"https:\/\/formalprision.com\/index.php?rest_route=\/wp\/v2\/users\/1"}],"replies":[{"embeddable":true,"href":"https:\/\/formalprision.com\/index.php?rest_route=%2Fwp%2Fv2%2Fcomments&post=9110"}],"version-history":[{"count":0,"href":"https:\/\/formalprision.com\/index.php?rest_route=\/wp\/v2\/posts\/9110\/revisions"}],"wp:attachment":[{"href":"https:\/\/formalprision.com\/index.php?rest_route=%2Fwp%2Fv2%2Fmedia&parent=9110"}],"wp:term":[{"taxonomy":"category","embeddable":true,"href":"https:\/\/formalprision.com\/index.php?rest_route=%2Fwp%2Fv2%2Fcategories&post=9110"},{"taxonomy":"post_tag","embeddable":true,"href":"https:\/\/formalprision.com\/index.php?rest_route=%2Fwp%2Fv2%2Ftags&post=9110"}],"curies":[{"name":"wp","href":"https:\/\/api.w.org\/{rel}","templated":true}]}}