{"id":9119,"date":"2010-11-05T15:50:00","date_gmt":"2010-11-05T15:50:00","guid":{"rendered":"http:\/\/formalprision.info\/2010\/11\/05\/solo-dos-de-los-detenidos-reconocen-e\/"},"modified":"2015-06-03T09:00:14","modified_gmt":"2015-06-03T09:00:14","slug":"solo-dos-de-los-detenidos-reconocen-e","status":"publish","type":"post","link":"https:\/\/formalprision.com\/?p=9119","title":{"rendered":"Solo dos de los detenidos reconocen el crimen de Armando Alvarez Vales"},"content":{"rendered":"<p><a href=\"http:\/\/1.bp.blogspot.com\/_QwiJz8zwaOw\/TNOq8sl5LGI\/AAAAAAAABz8\/e9o9sIjct1Y\/s1600\/GetAttachment%5B4%5D.jpg\"><img decoding=\"async\" id=\"BLOGGER_PHOTO_ID_5535956326707440738\" style=\"FLOAT: left; MARGIN: 0px 10px 10px 0px; WIDTH: 213px; CURSOR: hand; HEIGHT: 160px\" alt=\"\" src=\"http:\/\/formalprision.com\/wp-content\/uploads\/2010\/11\/GetAttachment41.jpg\" border=\"0\" \/><\/a><\/p>\n<div>Edgar de Jes\u00fas Mel\u00e9ndez Pech (a) \u00abEl Payaso\u00bb y Mar\u00eda Jos\u00e9 Zum\u00e1rraga Quintal (a) \u00abLa G\u00fcera\u00bb, dos de los acusados del homicidio del comerciante Jos\u00e9 Armando \u00c1lvarez Vales, reconocieron su participaci\u00f3n en el asesinato, pero se culparon mutuamente.<\/div>\n<p><\/p>\n<div>Los otros acusados, Manuela de Jes\u00fas Ch\u00e1vez Segovia, Suemy del Roc\u00edo Borregu\u00edn Ojeda y Santiago Eleazar Dur\u00e1n Gonz\u00e1lez (a) \u00abEl Toro\u00bb, negaron su participaci\u00f3n en el crimen, pues las dos mujeres aseguraron que no estaban en el sitio donde se cometi\u00f3 el crimen y el sujeto dijo que acompa\u00f1\u00f3 al Payaso, pero no sab\u00eda que iba a asesinar a alguien.<\/div>\n<p><\/p>\n<div>Ellos rindieron sus declaraci\u00f3n preparatoria en el Juzgado Primero Penal.<\/div>\n<p><\/p>\n<div>La Guera asegur\u00f3 que El Payaso asesin\u00f3 al comerciante, a quien pensaban solo robar, pero Mel\u00e9ndez Pech se\u00f1al\u00f3 que ella tambi\u00e9n lo ultim\u00f3 porque dijo que no pod\u00eda dejarlo vivo porque la conoc\u00eda.<\/div>\n","protected":false},"excerpt":{"rendered":"<p>Edgar de Jes\u00fas Mel\u00e9ndez Pech (a) \u00abEl Payaso\u00bb y Mar\u00eda Jos\u00e9 Zum\u00e1rraga Quintal (a) \u00abLa G\u00fcera\u00bb, dos de los acusados del homicidio del comerciante Jos\u00e9 Armando \u00c1lvarez Vales, reconocieron su<\/p>\n","protected":false},"author":1,"featured_media":28102,"comment_status":"open","ping_status":"open","sticky":false,"template":"","format":"standard","meta":{"jetpack_post_was_ever_published":false,"_jetpack_newsletter_access":"","_jetpack_dont_email_post_to_subs":false,"_jetpack_newsletter_tier_id":0,"_jetpack_memberships_contains_paywalled_content":false,"_jetpack_memberships_contains_paid_content":false,"footnotes":"","jetpack_publicize_message":"","jetpack_publicize_feature_enabled":true,"jetpack_social_post_already_shared":false,"jetpack_social_options":{"image_generator_settings":{"template":"highway","default_image_id":0,"font":"","enabled":false},"version":2}},"categories":[59,3,1],"tags":[],"class_list":["post-9119","post","type-post","status-publish","format-standard","has-post-thumbnail","hentry","category-asesinos","category-portada","category-sin-categoria"],"jetpack_publicize_connections":[],"jetpack_featured_media_url":"https:\/\/formalprision.com\/wp-content\/uploads\/2010\/11\/GetAttachment41.jpg","jetpack_sharing_enabled":true,"jetpack_shortlink":"https:\/\/wp.me\/p6id8p-2n5","_links":{"self":[{"href":"https:\/\/formalprision.com\/index.php?rest_route=\/wp\/v2\/posts\/9119","targetHints":{"allow":["GET"]}}],"collection":[{"href":"https:\/\/formalprision.com\/index.php?rest_route=\/wp\/v2\/posts"}],"about":[{"href":"https:\/\/formalprision.com\/index.php?rest_route=\/wp\/v2\/types\/post"}],"author":[{"embeddable":true,"href":"https:\/\/formalprision.com\/index.php?rest_route=\/wp\/v2\/users\/1"}],"replies":[{"embeddable":true,"href":"https:\/\/formalprision.com\/index.php?rest_route=%2Fwp%2Fv2%2Fcomments&post=9119"}],"version-history":[{"count":0,"href":"https:\/\/formalprision.com\/index.php?rest_route=\/wp\/v2\/posts\/9119\/revisions"}],"wp:featuredmedia":[{"embeddable":true,"href":"https:\/\/formalprision.com\/index.php?rest_route=\/wp\/v2\/media\/28102"}],"wp:attachment":[{"href":"https:\/\/formalprision.com\/index.php?rest_route=%2Fwp%2Fv2%2Fmedia&parent=9119"}],"wp:term":[{"taxonomy":"category","embeddable":true,"href":"https:\/\/formalprision.com\/index.php?rest_route=%2Fwp%2Fv2%2Fcategories&post=9119"},{"taxonomy":"post_tag","embeddable":true,"href":"https:\/\/formalprision.com\/index.php?rest_route=%2Fwp%2Fv2%2Ftags&post=9119"}],"curies":[{"name":"wp","href":"https:\/\/api.w.org\/{rel}","templated":true}]}}