{"id":9124,"date":"2010-11-04T19:14:00","date_gmt":"2010-11-04T19:14:00","guid":{"rendered":"http:\/\/formalprision.info\/2010\/11\/04\/le-cae-un-televisor-en-la-cabeza-un\/"},"modified":"2015-06-03T09:00:15","modified_gmt":"2015-06-03T09:00:15","slug":"le-cae-un-televisor-en-la-cabeza-un","status":"publish","type":"post","link":"https:\/\/formalprision.com\/?p=9124","title":{"rendered":"Le cae un televisor en la cabeza a un ni\u00f1o de 2 a\u00f1os y sobrevive"},"content":{"rendered":"<p>Un ni\u00f1o de dos a\u00f1os de edad oriiundo de Yaxcab\u00e1 estuvo a punto de morir cuando le cay\u00f3 encima una televisi\u00f3n.<br \/>El menor casi queda dentro del aparato cuando, en un descuido de su madre, movi\u00f3 la mesita y la tele le cay\u00f3 encima.<br \/>Fue ingresado en el l HOr\u00e1n, donde se inform\u00f3 que el ni\u00f1o se llama WILFRIDO ANTONIO CIMA XEQU\u00c9, de  Tixcacaltuyub, municipio de Yaxcab\u00e1.<br \/> Irlanda Xequ\u00e9 Cox, madre del menor, manifest\u00f3 que el d\u00eda tres de los corrientes, su hijo ve\u00eda la televisi\u00f3n en la sala de su predio mientras ella lavaba ropa, cuando escuch\u00f3 un trancazo y un fuerte grito, por lo que al dirigirse a donde se encontraba su v\u00e1stago, se percat\u00f3 que se le hab\u00eda ca\u00eddo la televisi\u00f3n en la cabeza.<br \/>Presenta traumatismo craneoencef\u00e1lico.<\/p>\n","protected":false},"excerpt":{"rendered":"<p>Un ni\u00f1o de dos a\u00f1os de edad oriiundo de Yaxcab\u00e1 estuvo a punto de morir cuando le cay\u00f3 encima una televisi\u00f3n.El menor casi queda dentro del aparato cuando, en un<\/p>\n","protected":false},"author":1,"featured_media":0,"comment_status":"open","ping_status":"open","sticky":false,"template":"","format":"standard","meta":{"jetpack_post_was_ever_published":false,"_jetpack_newsletter_access":"","_jetpack_dont_email_post_to_subs":false,"_jetpack_newsletter_tier_id":0,"_jetpack_memberships_contains_paywalled_content":false,"_jetpack_memberships_contains_paid_content":false,"footnotes":"","jetpack_publicize_message":"","jetpack_publicize_feature_enabled":true,"jetpack_social_post_already_shared":false,"jetpack_social_options":{"image_generator_settings":{"template":"highway","default_image_id":0,"font":"","enabled":false},"version":2}},"categories":[3,1,53],"tags":[],"class_list":["post-9124","post","type-post","status-publish","format-standard","hentry","category-portada","category-sin-categoria","category-yo-no-fui"],"jetpack_publicize_connections":[],"jetpack_featured_media_url":"","jetpack_sharing_enabled":true,"jetpack_shortlink":"https:\/\/wp.me\/p6id8p-2na","_links":{"self":[{"href":"https:\/\/formalprision.com\/index.php?rest_route=\/wp\/v2\/posts\/9124","targetHints":{"allow":["GET"]}}],"collection":[{"href":"https:\/\/formalprision.com\/index.php?rest_route=\/wp\/v2\/posts"}],"about":[{"href":"https:\/\/formalprision.com\/index.php?rest_route=\/wp\/v2\/types\/post"}],"author":[{"embeddable":true,"href":"https:\/\/formalprision.com\/index.php?rest_route=\/wp\/v2\/users\/1"}],"replies":[{"embeddable":true,"href":"https:\/\/formalprision.com\/index.php?rest_route=%2Fwp%2Fv2%2Fcomments&post=9124"}],"version-history":[{"count":0,"href":"https:\/\/formalprision.com\/index.php?rest_route=\/wp\/v2\/posts\/9124\/revisions"}],"wp:attachment":[{"href":"https:\/\/formalprision.com\/index.php?rest_route=%2Fwp%2Fv2%2Fmedia&parent=9124"}],"wp:term":[{"taxonomy":"category","embeddable":true,"href":"https:\/\/formalprision.com\/index.php?rest_route=%2Fwp%2Fv2%2Fcategories&post=9124"},{"taxonomy":"post_tag","embeddable":true,"href":"https:\/\/formalprision.com\/index.php?rest_route=%2Fwp%2Fv2%2Ftags&post=9124"}],"curies":[{"name":"wp","href":"https:\/\/api.w.org\/{rel}","templated":true}]}}