{"id":9126,"date":"2010-11-04T17:05:00","date_gmt":"2010-11-04T17:05:00","guid":{"rendered":"http:\/\/formalprision.info\/2010\/11\/04\/pese-protesta-de-progresenos-comienza\/"},"modified":"2015-06-03T09:00:15","modified_gmt":"2015-06-03T09:00:15","slug":"pese-protesta-de-progresenos-comienza","status":"publish","type":"post","link":"https:\/\/formalprision.com\/?p=9126","title":{"rendered":"Pese a protesta de progrese\u00f1os comienza la demolici\u00f3n del malec\u00f3n"},"content":{"rendered":"<p><a href=\"http:\/\/1.bp.blogspot.com\/_QwiJz8zwaOw\/TNJOc8B1W_I\/AAAAAAAABzk\/Rqz_IGRlWTY\/s1600\/apro1%5B1%5D.jpg\"><img decoding=\"async\" id=\"BLOGGER_PHOTO_ID_5535573151048883186\" style=\"FLOAT: left; MARGIN: 0px 10px 10px 0px; WIDTH: 400px; CURSOR: hand; HEIGHT: 300px\" alt=\"\" src=\"http:\/\/formalprision.com\/wp-content\/uploads\/2010\/11\/apro11.jpg\" border=\"0\" \/><\/a><\/p>\n<div>Encabritados porque les quieren tirar su malec\u00f3n para construir uno igual o peor, un grupo de progrese\u00f1os realiz\u00f3 ayer un plant\u00f3n en ese lugar.<\/div>\n<div>Sin embargo, ya de nada ha servidio porque hace algunos minutos comenzaron las obras de demolici\u00f3n.<\/div>\n<div>Los trabajadores aseguran que no demoler\u00e1n toda la barda, solo los accesos.<\/div>\n<div>Los progrese\u00f1os inconformes pasan a tomar fotos, quiz\u00e1 para tener un \u00faltimo recuerdo de c\u00f3mo era su malec\u00f3n.<\/div>\n<div>Entre los que se quejan hay comerciantes, estudiantes, turisteros, vendedores ambulantes y gente com\u00fan y corriente de Progreso, quienes se han movilizado desde que se enteraron que el gobierno de Ivonne Ortega Pacheco planeaba derribar el tradicional malecas.<\/div>\n<div>El gobierno, por su parte, los ha llamado gamberros y sin decir agua va comenz\u00f3 hoy los trabajos.<\/div>\n<div>El proyecto pol\u00e9mico, entre otras cosas, contempla la demolicion de la barda serpenteada, adem\u00e1s de que la dejar\u00edan un poco m\u00e1s chaparra.<\/div>\n<div>La manifestaci\u00f3n de ayer se realiz\u00f3 en la glorieta del fundador del puerto, Juan Miguel Castro y la gente mostr\u00f3 pancartas de rechazo al proyecto.<\/div>\n","protected":false},"excerpt":{"rendered":"<p>Encabritados porque les quieren tirar su malec\u00f3n para construir uno igual o peor, un grupo de progrese\u00f1os realiz\u00f3 ayer un plant\u00f3n en ese lugar. Sin embargo, ya de nada ha<\/p>\n","protected":false},"author":1,"featured_media":28112,"comment_status":"open","ping_status":"open","sticky":false,"template":"","format":"standard","meta":{"jetpack_post_was_ever_published":false,"_jetpack_newsletter_access":"","_jetpack_dont_email_post_to_subs":false,"_jetpack_newsletter_tier_id":0,"_jetpack_memberships_contains_paywalled_content":false,"_jetpack_memberships_contains_paid_content":false,"footnotes":"","jetpack_publicize_message":"","jetpack_publicize_feature_enabled":true,"jetpack_social_post_already_shared":false,"jetpack_social_options":{"image_generator_settings":{"template":"highway","default_image_id":0,"font":"","enabled":false},"version":2}},"categories":[3,1,49],"tags":[],"class_list":["post-9126","post","type-post","status-publish","format-standard","has-post-thumbnail","hentry","category-portada","category-sin-categoria","category-tocho-morocho"],"jetpack_publicize_connections":[],"jetpack_featured_media_url":"https:\/\/formalprision.com\/wp-content\/uploads\/2010\/11\/apro11.jpg","jetpack_sharing_enabled":true,"jetpack_shortlink":"https:\/\/wp.me\/p6id8p-2nc","_links":{"self":[{"href":"https:\/\/formalprision.com\/index.php?rest_route=\/wp\/v2\/posts\/9126","targetHints":{"allow":["GET"]}}],"collection":[{"href":"https:\/\/formalprision.com\/index.php?rest_route=\/wp\/v2\/posts"}],"about":[{"href":"https:\/\/formalprision.com\/index.php?rest_route=\/wp\/v2\/types\/post"}],"author":[{"embeddable":true,"href":"https:\/\/formalprision.com\/index.php?rest_route=\/wp\/v2\/users\/1"}],"replies":[{"embeddable":true,"href":"https:\/\/formalprision.com\/index.php?rest_route=%2Fwp%2Fv2%2Fcomments&post=9126"}],"version-history":[{"count":0,"href":"https:\/\/formalprision.com\/index.php?rest_route=\/wp\/v2\/posts\/9126\/revisions"}],"wp:featuredmedia":[{"embeddable":true,"href":"https:\/\/formalprision.com\/index.php?rest_route=\/wp\/v2\/media\/28112"}],"wp:attachment":[{"href":"https:\/\/formalprision.com\/index.php?rest_route=%2Fwp%2Fv2%2Fmedia&parent=9126"}],"wp:term":[{"taxonomy":"category","embeddable":true,"href":"https:\/\/formalprision.com\/index.php?rest_route=%2Fwp%2Fv2%2Fcategories&post=9126"},{"taxonomy":"post_tag","embeddable":true,"href":"https:\/\/formalprision.com\/index.php?rest_route=%2Fwp%2Fv2%2Ftags&post=9126"}],"curies":[{"name":"wp","href":"https:\/\/api.w.org\/{rel}","templated":true}]}}