{"id":9134,"date":"2010-11-02T19:19:00","date_gmt":"2010-11-02T19:19:00","guid":{"rendered":"http:\/\/formalprision.info\/2010\/11\/02\/rectifica-capitania-de-puerto-yate\/"},"modified":"2015-06-03T09:00:16","modified_gmt":"2015-06-03T09:00:16","slug":"rectifica-capitania-de-puerto-yate","status":"publish","type":"post","link":"https:\/\/formalprision.com\/?p=9134","title":{"rendered":"Rectifica Capitan\u00eda de Puerto: yate rescatado es propiedad de Arturo Bates"},"content":{"rendered":"<p><a href=\"http:\/\/3.bp.blogspot.com\/_QwiJz8zwaOw\/TNBmWh9SU3I\/AAAAAAAABy8\/nmZE5RjRZuA\/s1600\/aaaaaformalp.jpg\"><img decoding=\"async\" id=\"BLOGGER_PHOTO_ID_5535036479296918386\" style=\"FLOAT: left; MARGIN: 0px 10px 10px 0px; WIDTH: 400px; CURSOR: hand; HEIGHT: 301px\" alt=\"\" src=\"http:\/\/formalprision.com\/wp-content\/uploads\/2010\/11\/aaaaaformalp.jpg\" border=\"0\" \/><\/a><\/p>\n<div>La Ccapitan\u00eda de Puerto de Progreso inform\u00f3 que el yate rescattado este medio d\u00eda es propiedad de Arturo Bates.<br \/>El viajaba con su esposa y tres menores de edad cuando sufrieron el desperfecto en altamar.<br \/>La Capitan\u00eda de Puerto indic\u00f3 que el yate no es de Carlos Ancona, pero fue \u00e9ste el que solicit\u00f3 el auxilio, por lo que se pens\u00f3 que \u00e9l era el que estaba en problemas-<br \/>La embarcaci\u00f3n lleg\u00f3 remolcada por lanchas rescatistas y los cinco tripulantes solo paaron un buen susto.<\/div>\n","protected":false},"excerpt":{"rendered":"<p>La Ccapitan\u00eda de Puerto de Progreso inform\u00f3 que el yate rescattado este medio d\u00eda es propiedad de Arturo Bates.El viajaba con su esposa y tres menores de edad cuando sufrieron<\/p>\n","protected":false},"author":1,"featured_media":28125,"comment_status":"open","ping_status":"open","sticky":false,"template":"","format":"standard","meta":{"jetpack_post_was_ever_published":false,"_jetpack_newsletter_access":"","_jetpack_dont_email_post_to_subs":false,"_jetpack_newsletter_tier_id":0,"_jetpack_memberships_contains_paywalled_content":false,"_jetpack_memberships_contains_paid_content":false,"footnotes":"","jetpack_publicize_message":"","jetpack_publicize_feature_enabled":true,"jetpack_social_post_already_shared":false,"jetpack_social_options":{"image_generator_settings":{"template":"highway","default_image_id":0,"font":"","enabled":false},"version":2}},"categories":[3,1,49],"tags":[],"class_list":["post-9134","post","type-post","status-publish","format-standard","has-post-thumbnail","hentry","category-portada","category-sin-categoria","category-tocho-morocho"],"jetpack_publicize_connections":[],"jetpack_featured_media_url":"https:\/\/formalprision.com\/wp-content\/uploads\/2010\/11\/aaaaaformalp.jpg","jetpack_sharing_enabled":true,"jetpack_shortlink":"https:\/\/wp.me\/p6id8p-2nk","_links":{"self":[{"href":"https:\/\/formalprision.com\/index.php?rest_route=\/wp\/v2\/posts\/9134","targetHints":{"allow":["GET"]}}],"collection":[{"href":"https:\/\/formalprision.com\/index.php?rest_route=\/wp\/v2\/posts"}],"about":[{"href":"https:\/\/formalprision.com\/index.php?rest_route=\/wp\/v2\/types\/post"}],"author":[{"embeddable":true,"href":"https:\/\/formalprision.com\/index.php?rest_route=\/wp\/v2\/users\/1"}],"replies":[{"embeddable":true,"href":"https:\/\/formalprision.com\/index.php?rest_route=%2Fwp%2Fv2%2Fcomments&post=9134"}],"version-history":[{"count":0,"href":"https:\/\/formalprision.com\/index.php?rest_route=\/wp\/v2\/posts\/9134\/revisions"}],"wp:featuredmedia":[{"embeddable":true,"href":"https:\/\/formalprision.com\/index.php?rest_route=\/wp\/v2\/media\/28125"}],"wp:attachment":[{"href":"https:\/\/formalprision.com\/index.php?rest_route=%2Fwp%2Fv2%2Fmedia&parent=9134"}],"wp:term":[{"taxonomy":"category","embeddable":true,"href":"https:\/\/formalprision.com\/index.php?rest_route=%2Fwp%2Fv2%2Fcategories&post=9134"},{"taxonomy":"post_tag","embeddable":true,"href":"https:\/\/formalprision.com\/index.php?rest_route=%2Fwp%2Fv2%2Ftags&post=9134"}],"curies":[{"name":"wp","href":"https:\/\/api.w.org\/{rel}","templated":true}]}}