{"id":9135,"date":"2010-11-02T18:14:00","date_gmt":"2010-11-02T18:14:00","guid":{"rendered":"http:\/\/formalprision.info\/2010\/11\/02\/rescatan-yate-que-se-quedo-la-deriva\/"},"modified":"2015-06-03T09:00:16","modified_gmt":"2015-06-03T09:00:16","slug":"rescatan-yate-que-se-quedo-la-deriva","status":"publish","type":"post","link":"https:\/\/formalprision.com\/?p=9135","title":{"rendered":"Rescatan yate que se qued\u00f3 a la deriva"},"content":{"rendered":"<p>Un yate que se qued\u00f3 a la deriva en alta mar con una familia meridana a bordo moviliz\u00f3 este medio d\u00eda a marinos, bomberos ypolic\u00edas por las costas progrese\u00f1as.<br \/>La historia tuvo un final feliz, pues la embarcaci\u00f3n y sus tripulantes llegaron sanos y salvos a tierra firme, en Yucalpet\u00e9n.<br \/>El yate es propiedad de Carlos Ancona y hab\u00eda salido con cinco tripulantes a dar un paseo, pero al parecer se qued\u00f3 sin combustible y tuvieron que ser rescatados por lanchas de los bomberos luego de que pidieron ayuda.<br \/>.<\/p>\n","protected":false},"excerpt":{"rendered":"<p>Un yate que se qued\u00f3 a la deriva en alta mar con una familia meridana a bordo moviliz\u00f3 este medio d\u00eda a marinos, bomberos ypolic\u00edas por las costas progrese\u00f1as.La historia<\/p>\n","protected":false},"author":1,"featured_media":0,"comment_status":"open","ping_status":"open","sticky":false,"template":"","format":"standard","meta":{"jetpack_post_was_ever_published":false,"_jetpack_newsletter_access":"","_jetpack_dont_email_post_to_subs":false,"_jetpack_newsletter_tier_id":0,"_jetpack_memberships_contains_paywalled_content":false,"_jetpack_memberships_contains_paid_content":false,"footnotes":"","jetpack_publicize_message":"","jetpack_publicize_feature_enabled":true,"jetpack_social_post_already_shared":false,"jetpack_social_options":{"image_generator_settings":{"template":"highway","default_image_id":0,"font":"","enabled":false},"version":2}},"categories":[3,1,49],"tags":[],"class_list":["post-9135","post","type-post","status-publish","format-standard","hentry","category-portada","category-sin-categoria","category-tocho-morocho"],"jetpack_publicize_connections":[],"jetpack_featured_media_url":"","jetpack_sharing_enabled":true,"jetpack_shortlink":"https:\/\/wp.me\/p6id8p-2nl","_links":{"self":[{"href":"https:\/\/formalprision.com\/index.php?rest_route=\/wp\/v2\/posts\/9135","targetHints":{"allow":["GET"]}}],"collection":[{"href":"https:\/\/formalprision.com\/index.php?rest_route=\/wp\/v2\/posts"}],"about":[{"href":"https:\/\/formalprision.com\/index.php?rest_route=\/wp\/v2\/types\/post"}],"author":[{"embeddable":true,"href":"https:\/\/formalprision.com\/index.php?rest_route=\/wp\/v2\/users\/1"}],"replies":[{"embeddable":true,"href":"https:\/\/formalprision.com\/index.php?rest_route=%2Fwp%2Fv2%2Fcomments&post=9135"}],"version-history":[{"count":0,"href":"https:\/\/formalprision.com\/index.php?rest_route=\/wp\/v2\/posts\/9135\/revisions"}],"wp:attachment":[{"href":"https:\/\/formalprision.com\/index.php?rest_route=%2Fwp%2Fv2%2Fmedia&parent=9135"}],"wp:term":[{"taxonomy":"category","embeddable":true,"href":"https:\/\/formalprision.com\/index.php?rest_route=%2Fwp%2Fv2%2Fcategories&post=9135"},{"taxonomy":"post_tag","embeddable":true,"href":"https:\/\/formalprision.com\/index.php?rest_route=%2Fwp%2Fv2%2Ftags&post=9135"}],"curies":[{"name":"wp","href":"https:\/\/api.w.org\/{rel}","templated":true}]}}