{"id":9137,"date":"2010-11-02T09:20:00","date_gmt":"2010-11-02T09:20:00","guid":{"rendered":"http:\/\/formalprision.info\/2010\/11\/02\/policias-en-bicicletas-vigilaran\/"},"modified":"2015-06-03T09:00:16","modified_gmt":"2015-06-03T09:00:16","slug":"policias-en-bicicletas-vigilaran","status":"publish","type":"post","link":"https:\/\/formalprision.com\/?p=9137","title":{"rendered":"Polic\u00edas en bicicletas vigilar\u00e1n malec\u00f3n de Progreso"},"content":{"rendered":"<div><\/div>\n<div>Progreso contar\u00e1 con su Polic\u00eda Tur\u00edstica , que usar\u00e1 bicicletas y patrullar\u00e1 el malec\u00f3n.<\/div>\n<div>El reporte oficial indica que<\/p>\n<div align=\"justify\" style=\"margin-top: 0px; margin-right: 0px; margin-bottom: 0px; margin-left: 0px; padding-top: 0px; padding-right: 0px; padding-bottom: 0px; padding-left: 0px; border-top-width: 0px; border-right-width: 0px; border-bottom-width: 0px; border-left-width: 0px; border-style: initial; border-color: initial; outline-width: 0px; outline-style: initial; outline-color: initial; font-size: 15px; vertical-align: baseline; background-image: initial; background-repeat: initial; background-attachment: initial; -webkit-background-clip: initial; -webkit-background-origin: initial; background-color: transparent; background-position: initial initial; \">La Direcci\u00f3n de Seguridad P\u00fablica y Transito del Puerto de Progreso llev\u00f3 a cabo la inauguraci\u00f3n del programa encaminado a la formaci\u00f3n de la polic\u00eda tur\u00edstica del puerto, con la finalidad de brindar un mejor servicio en cuesti\u00f3n de seguridad, protecci\u00f3n e informaci\u00f3n a los turistas extranjeros y nacionales que actualmente visitan el puerto.<\/div>\n<p>Estar\u00e1 conformada por 25 elementos de la Direcci\u00f3n de Seguridad P\u00fablica y Transito, quienes recibir\u00e1n capacitaci\u00f3n en base a cultura general y para el dominio del idioma Ingl\u00e9s, dicha capacitaci\u00f3n ser\u00e1 impartida en la sala audiovisual ubicada en el edificio de la corporaci\u00f3n de lunes a viernes de 10:30 a 11:30 horas por el maestro David M\u00e9ndez y tendr\u00e1 una duraci\u00f3n de seis meses.<\/div>\n","protected":false},"excerpt":{"rendered":"<p>Progreso contar\u00e1 con su Polic\u00eda Tur\u00edstica , que usar\u00e1 bicicletas y patrullar\u00e1 el malec\u00f3n. El reporte oficial indica que La Direcci\u00f3n de Seguridad P\u00fablica y Transito del Puerto de Progreso<\/p>\n","protected":false},"author":1,"featured_media":0,"comment_status":"open","ping_status":"open","sticky":false,"template":"","format":"standard","meta":{"jetpack_post_was_ever_published":false,"_jetpack_newsletter_access":"","_jetpack_dont_email_post_to_subs":false,"_jetpack_newsletter_tier_id":0,"_jetpack_memberships_contains_paywalled_content":false,"_jetpack_memberships_contains_paid_content":false,"footnotes":"","jetpack_publicize_message":"","jetpack_publicize_feature_enabled":true,"jetpack_social_post_already_shared":false,"jetpack_social_options":{"image_generator_settings":{"template":"highway","default_image_id":0,"font":"","enabled":false},"version":2}},"categories":[1],"tags":[],"class_list":["post-9137","post","type-post","status-publish","format-standard","hentry","category-sin-categoria"],"jetpack_publicize_connections":[],"jetpack_featured_media_url":"","jetpack_sharing_enabled":true,"jetpack_shortlink":"https:\/\/wp.me\/p6id8p-2nn","_links":{"self":[{"href":"https:\/\/formalprision.com\/index.php?rest_route=\/wp\/v2\/posts\/9137","targetHints":{"allow":["GET"]}}],"collection":[{"href":"https:\/\/formalprision.com\/index.php?rest_route=\/wp\/v2\/posts"}],"about":[{"href":"https:\/\/formalprision.com\/index.php?rest_route=\/wp\/v2\/types\/post"}],"author":[{"embeddable":true,"href":"https:\/\/formalprision.com\/index.php?rest_route=\/wp\/v2\/users\/1"}],"replies":[{"embeddable":true,"href":"https:\/\/formalprision.com\/index.php?rest_route=%2Fwp%2Fv2%2Fcomments&post=9137"}],"version-history":[{"count":0,"href":"https:\/\/formalprision.com\/index.php?rest_route=\/wp\/v2\/posts\/9137\/revisions"}],"wp:attachment":[{"href":"https:\/\/formalprision.com\/index.php?rest_route=%2Fwp%2Fv2%2Fmedia&parent=9137"}],"wp:term":[{"taxonomy":"category","embeddable":true,"href":"https:\/\/formalprision.com\/index.php?rest_route=%2Fwp%2Fv2%2Fcategories&post=9137"},{"taxonomy":"post_tag","embeddable":true,"href":"https:\/\/formalprision.com\/index.php?rest_route=%2Fwp%2Fv2%2Ftags&post=9137"}],"curies":[{"name":"wp","href":"https:\/\/api.w.org\/{rel}","templated":true}]}}