{"id":9147,"date":"2010-10-28T20:19:00","date_gmt":"2010-10-28T20:19:00","guid":{"rendered":"http:\/\/formalprision.info\/2010\/10\/28\/3-empistolados-detenidos-por-caso\/"},"modified":"2015-06-03T09:00:18","modified_gmt":"2015-06-03T09:00:18","slug":"3-empistolados-detenidos-por-caso","status":"publish","type":"post","link":"https:\/\/formalprision.com\/?p=9147","title":{"rendered":"3 empistolados detenidos por caso Sider\u00fargica"},"content":{"rendered":"<p><a href=\"http:\/\/1.bp.blogspot.com\/_QwiJz8zwaOw\/TMnsDWxsIWI\/AAAAAAAAByE\/VbyAoKj0dto\/s1600\/aaaadododosos.jpg\"><img decoding=\"async\" id=\"BLOGGER_PHOTO_ID_5533213159599120738\" style=\"FLOAT: left; MARGIN: 0px 10px 10px 0px; WIDTH: 275px; CURSOR: hand; HEIGHT: 366px\" alt=\"\" src=\"http:\/\/formalprision.com\/wp-content\/uploads\/2010\/10\/aaaadododosos.jpg\" border=\"0\" \/><\/a><\/p>\n<div>Adem\u00e1s de V\u00edctor Erosa Lizarrarraga, propietario de la Sider\u00fargica,<br \/>la Polic\u00eda Federal detuvo a dos ejecutivos de la empresa.<br \/>Ellos intentaron esconder las armas de fuego, entre las que hab\u00eda 3<br \/>pistolas calibre .9 mil\u00edmetros.<\/div>\n<div>Uno de los detenidos era el contador de Erosa Lizarraga. <\/div>\n","protected":false},"excerpt":{"rendered":"<p>Adem\u00e1s de V\u00edctor Erosa Lizarrarraga, propietario de la Sider\u00fargica,la Polic\u00eda Federal detuvo a dos ejecutivos de la empresa.Ellos intentaron esconder las armas de fuego, entre las que hab\u00eda 3pistolas calibre<\/p>\n","protected":false},"author":1,"featured_media":28146,"comment_status":"open","ping_status":"open","sticky":false,"template":"","format":"standard","meta":{"jetpack_post_was_ever_published":false,"_jetpack_newsletter_access":"","_jetpack_dont_email_post_to_subs":false,"_jetpack_newsletter_tier_id":0,"_jetpack_memberships_contains_paywalled_content":false,"_jetpack_memberships_contains_paid_content":false,"footnotes":"","jetpack_publicize_message":"","jetpack_publicize_feature_enabled":true,"jetpack_social_post_already_shared":false,"jetpack_social_options":{"image_generator_settings":{"template":"highway","default_image_id":0,"font":"","enabled":false},"version":2}},"categories":[45,3,1],"tags":[],"class_list":["post-9147","post","type-post","status-publish","format-standard","has-post-thumbnail","hentry","category-delincuentes-vip","category-portada","category-sin-categoria"],"jetpack_publicize_connections":[],"jetpack_featured_media_url":"https:\/\/formalprision.com\/wp-content\/uploads\/2010\/10\/aaaadododosos.jpg","jetpack_sharing_enabled":true,"jetpack_shortlink":"https:\/\/wp.me\/p6id8p-2nx","_links":{"self":[{"href":"https:\/\/formalprision.com\/index.php?rest_route=\/wp\/v2\/posts\/9147","targetHints":{"allow":["GET"]}}],"collection":[{"href":"https:\/\/formalprision.com\/index.php?rest_route=\/wp\/v2\/posts"}],"about":[{"href":"https:\/\/formalprision.com\/index.php?rest_route=\/wp\/v2\/types\/post"}],"author":[{"embeddable":true,"href":"https:\/\/formalprision.com\/index.php?rest_route=\/wp\/v2\/users\/1"}],"replies":[{"embeddable":true,"href":"https:\/\/formalprision.com\/index.php?rest_route=%2Fwp%2Fv2%2Fcomments&post=9147"}],"version-history":[{"count":0,"href":"https:\/\/formalprision.com\/index.php?rest_route=\/wp\/v2\/posts\/9147\/revisions"}],"wp:featuredmedia":[{"embeddable":true,"href":"https:\/\/formalprision.com\/index.php?rest_route=\/wp\/v2\/media\/28146"}],"wp:attachment":[{"href":"https:\/\/formalprision.com\/index.php?rest_route=%2Fwp%2Fv2%2Fmedia&parent=9147"}],"wp:term":[{"taxonomy":"category","embeddable":true,"href":"https:\/\/formalprision.com\/index.php?rest_route=%2Fwp%2Fv2%2Fcategories&post=9147"},{"taxonomy":"post_tag","embeddable":true,"href":"https:\/\/formalprision.com\/index.php?rest_route=%2Fwp%2Fv2%2Ftags&post=9147"}],"curies":[{"name":"wp","href":"https:\/\/api.w.org\/{rel}","templated":true}]}}