{"id":9163,"date":"2010-10-25T04:54:00","date_gmt":"2010-10-25T04:54:00","guid":{"rendered":"http:\/\/formalprision.info\/2010\/10\/25\/mortal-trancazo-en-progreso-muere\/"},"modified":"2015-06-03T09:00:23","modified_gmt":"2015-06-03T09:00:23","slug":"mortal-trancazo-en-progreso-muere","status":"publish","type":"post","link":"https:\/\/formalprision.com\/?p=9163","title":{"rendered":"Mortal trancazo en Progreso: muere escolta de Ivonne Ortega y dos personas m\u00e1s"},"content":{"rendered":"<p><a href=\"http:\/\/2.bp.blogspot.com\/_QwiJz8zwaOw\/TMUQcimQWXI\/AAAAAAAABwk\/w3XJLHBMo34\/s1600\/aaaescolta.jpg\"><img decoding=\"async\" id=\"BLOGGER_PHOTO_ID_5531845799804164466\" style=\"FLOAT: left; MARGIN: 0px 10px 10px 0px; WIDTH: 387px; CURSOR: hand; HEIGHT: 366px\" alt=\"\" src=\"http:\/\/formalprision.com\/wp-content\/uploads\/2010\/10\/aaaescolta.jpg\" border=\"0\" \/><\/a><\/p>\n<div>Un escolta de la gobernadora Ivonne Ortega Pacheco falleci\u00f3 esta noche de domingo en aparatoso accidente en Progreso en el que fallecieron otras dos personas.<\/div>\n<p><\/p>\n<div>Las tres personas que perecieron viajaban en una camioneta Dodge caravan que colision\u00f3 contra las columnas del puente del desv\u00edo a Chelem, que se encuentra a la entrada de Progreso.<\/div>\n<p><\/p>\n<div>El mortal trancazo se registr\u00f3 cuando el conductor de la camioneta perdi\u00f3 el control y se sali\u00f3 de la carretera.<\/div>\n<p><\/p>\n<div>Solo hubo una sobreviviente, la se\u00f1ora <a onblur=\"try {parent.deselectBloggerImageGracefully();} catch(e) {}\" href=\"http:\/\/1.bp.blogspot.com\/_th-b-vgwZ_A\/TMUJGftMI9I\/AAAAAAAAMAg\/sDUQ-qCZA3s\/s1600\/afallece.jpg\"><\/a>Mar\u00eda del Carmen Matos Sonda, de 40 a\u00f1os de edad.<\/div>\n<p><\/p>\n<div>Los fallecidos son dos hombres y una mujer de entre 40 y 45 a\u00f1os aproximadamente, incluyendo al escolta de la gobernadora.<\/div>\n<p><\/p>\n<div>.La Polic\u00eda Federal inform\u00f3 que entre los fallecidos se encuentra el volquetero Carlos Matos Sonda, de unos 45 a\u00f1os de edad y su esposa que solo fue identificada como Marina, ambos vecinos de la comisar\u00eda meridana de Chablekal.<\/div>\n<p><\/p>\n<div>Tambi\u00e9n falleci\u00f3 el novio de Mar\u00eda del Carmen Matos, quien presuntamente es el escolta de la hobernadora.<\/div>\n<p><\/p>\n<div>El escolta era al parecer propietario de la camioneta accidentada, una Caravan de color rojo vino, placas YZY-2788 que qued\u00f3 con el frente destrozado.<\/div>\n<p><\/p>\n<div>Mar\u00eda del Carmen Matos, quien est\u00e1 hospitalizada y que todav\u00eda no sabe de la muerte de sus otros tres acompa\u00f1antes, presenta fractura de f\u00e9mur y contusiones abdominales, por lo que recibe atenci\u00f3n de varios especialistas.<\/div>\n<p><\/p>\n<div><\/div>\n","protected":false},"excerpt":{"rendered":"<p>Un escolta de la gobernadora Ivonne Ortega Pacheco falleci\u00f3 esta noche de domingo en aparatoso accidente en Progreso en el que fallecieron otras dos personas. Las tres personas que perecieron<\/p>\n","protected":false},"author":1,"featured_media":28171,"comment_status":"open","ping_status":"open","sticky":false,"template":"","format":"standard","meta":{"jetpack_post_was_ever_published":false,"_jetpack_newsletter_access":"","_jetpack_dont_email_post_to_subs":false,"_jetpack_newsletter_tier_id":0,"_jetpack_memberships_contains_paywalled_content":false,"_jetpack_memberships_contains_paid_content":false,"footnotes":"","jetpack_publicize_message":"","jetpack_publicize_feature_enabled":true,"jetpack_social_post_already_shared":false,"jetpack_social_options":{"image_generator_settings":{"template":"highway","default_image_id":0,"font":"","enabled":false},"version":2}},"categories":[45,44,3,1],"tags":[],"class_list":["post-9163","post","type-post","status-publish","format-standard","has-post-thumbnail","hentry","category-delincuentes-vip","category-morgue","category-portada","category-sin-categoria"],"jetpack_publicize_connections":[],"jetpack_featured_media_url":"https:\/\/formalprision.com\/wp-content\/uploads\/2010\/10\/aaaescolta.jpg","jetpack_sharing_enabled":true,"jetpack_shortlink":"https:\/\/wp.me\/p6id8p-2nN","_links":{"self":[{"href":"https:\/\/formalprision.com\/index.php?rest_route=\/wp\/v2\/posts\/9163","targetHints":{"allow":["GET"]}}],"collection":[{"href":"https:\/\/formalprision.com\/index.php?rest_route=\/wp\/v2\/posts"}],"about":[{"href":"https:\/\/formalprision.com\/index.php?rest_route=\/wp\/v2\/types\/post"}],"author":[{"embeddable":true,"href":"https:\/\/formalprision.com\/index.php?rest_route=\/wp\/v2\/users\/1"}],"replies":[{"embeddable":true,"href":"https:\/\/formalprision.com\/index.php?rest_route=%2Fwp%2Fv2%2Fcomments&post=9163"}],"version-history":[{"count":0,"href":"https:\/\/formalprision.com\/index.php?rest_route=\/wp\/v2\/posts\/9163\/revisions"}],"wp:featuredmedia":[{"embeddable":true,"href":"https:\/\/formalprision.com\/index.php?rest_route=\/wp\/v2\/media\/28171"}],"wp:attachment":[{"href":"https:\/\/formalprision.com\/index.php?rest_route=%2Fwp%2Fv2%2Fmedia&parent=9163"}],"wp:term":[{"taxonomy":"category","embeddable":true,"href":"https:\/\/formalprision.com\/index.php?rest_route=%2Fwp%2Fv2%2Fcategories&post=9163"},{"taxonomy":"post_tag","embeddable":true,"href":"https:\/\/formalprision.com\/index.php?rest_route=%2Fwp%2Fv2%2Ftags&post=9163"}],"curies":[{"name":"wp","href":"https:\/\/api.w.org\/{rel}","templated":true}]}}