{"id":9165,"date":"2010-10-23T23:04:00","date_gmt":"2010-10-23T23:04:00","guid":{"rendered":"http:\/\/formalprision.info\/2010\/10\/23\/aceptan-su-participacion-los-detenidos\/"},"modified":"2015-06-03T09:00:24","modified_gmt":"2015-06-03T09:00:24","slug":"aceptan-su-participacion-los-detenidos","status":"publish","type":"post","link":"https:\/\/formalprision.com\/?p=9165","title":{"rendered":"Aceptan su participaci\u00f3n los detenidos por asalto de Altabrisa"},"content":{"rendered":"<p><a href=\"http:\/\/4.bp.blogspot.com\/_QwiJz8zwaOw\/TMNsEDoewuI\/AAAAAAAABwc\/QTLUcl7C2Z0\/s1600\/aaaaasaltantes.jpg\"><img decoding=\"async\" id=\"BLOGGER_PHOTO_ID_5531383584291472098\" style=\"FLOAT: left; MARGIN: 0px 10px 10px 0px; WIDTH: 275px; CURSOR: hand; HEIGHT: 366px\" alt=\"\" src=\"http:\/\/formalprision.com\/wp-content\/uploads\/2010\/10\/aaaaasaltantes.jpg\" border=\"0\" \/><\/a><\/p>\n<div>Los asaltantes de Altabrisa rindieron este d\u00eda su declaraci\u00f3n ante el Juzgado Segundo Penal y la mayor\u00eda de los acusados acept\u00f3 su culpabilidad.<\/div>\n<p><\/p>\n<div>Los que son se\u00f1alados como autores materiales del asalto revelaron que solo recibieron $1.000 por su participaci\u00f3n, pues les quedaron a deber el resto de lo que le ofrecieron.<\/div>\n<p><\/p>\n<div>Entre los detenidos hay dos menores de edad, uno e los cuales no quiso declarar porque, seg\u00fan dijo, su padre ya le est\u00e1 trayendo el acta de nacimiento para demostrar que tiene 16 a\u00f1os.<\/div>\n<p><\/p>\n<div>Los detenidos dijeron que en el Distrito Federak los contrat\u00f3 un sujeto llmado El Pollo quien no fue detenido.<\/div>\n<p><\/p>\n<div>Melvis Granados Carrasco, quien es se\u00f1a\u00f1ada como la que recibi\u00f3 las alahjas neg\u00f3 el hurto, pero fue \u00abquemada\u00bb por los dem\u00e1s detenidos.<\/div>\n","protected":false},"excerpt":{"rendered":"<p>Los asaltantes de Altabrisa rindieron este d\u00eda su declaraci\u00f3n ante el Juzgado Segundo Penal y la mayor\u00eda de los acusados acept\u00f3 su culpabilidad. Los que son se\u00f1alados como autores materiales<\/p>\n","protected":false},"author":1,"featured_media":28174,"comment_status":"open","ping_status":"open","sticky":false,"template":"","format":"standard","meta":{"jetpack_post_was_ever_published":false,"_jetpack_newsletter_access":"","_jetpack_dont_email_post_to_subs":false,"_jetpack_newsletter_tier_id":0,"_jetpack_memberships_contains_paywalled_content":false,"_jetpack_memberships_contains_paid_content":false,"footnotes":"","jetpack_publicize_message":"","jetpack_publicize_feature_enabled":true,"jetpack_social_post_already_shared":false,"jetpack_social_options":{"image_generator_settings":{"template":"highway","default_image_id":0,"font":"","enabled":false},"version":2}},"categories":[3,57,1],"tags":[],"class_list":["post-9165","post","type-post","status-publish","format-standard","has-post-thumbnail","hentry","category-portada","category-ratas","category-sin-categoria"],"jetpack_publicize_connections":[],"jetpack_featured_media_url":"https:\/\/formalprision.com\/wp-content\/uploads\/2010\/10\/aaaaasaltantes.jpg","jetpack_sharing_enabled":true,"jetpack_shortlink":"https:\/\/wp.me\/p6id8p-2nP","_links":{"self":[{"href":"https:\/\/formalprision.com\/index.php?rest_route=\/wp\/v2\/posts\/9165","targetHints":{"allow":["GET"]}}],"collection":[{"href":"https:\/\/formalprision.com\/index.php?rest_route=\/wp\/v2\/posts"}],"about":[{"href":"https:\/\/formalprision.com\/index.php?rest_route=\/wp\/v2\/types\/post"}],"author":[{"embeddable":true,"href":"https:\/\/formalprision.com\/index.php?rest_route=\/wp\/v2\/users\/1"}],"replies":[{"embeddable":true,"href":"https:\/\/formalprision.com\/index.php?rest_route=%2Fwp%2Fv2%2Fcomments&post=9165"}],"version-history":[{"count":0,"href":"https:\/\/formalprision.com\/index.php?rest_route=\/wp\/v2\/posts\/9165\/revisions"}],"wp:featuredmedia":[{"embeddable":true,"href":"https:\/\/formalprision.com\/index.php?rest_route=\/wp\/v2\/media\/28174"}],"wp:attachment":[{"href":"https:\/\/formalprision.com\/index.php?rest_route=%2Fwp%2Fv2%2Fmedia&parent=9165"}],"wp:term":[{"taxonomy":"category","embeddable":true,"href":"https:\/\/formalprision.com\/index.php?rest_route=%2Fwp%2Fv2%2Fcategories&post=9165"},{"taxonomy":"post_tag","embeddable":true,"href":"https:\/\/formalprision.com\/index.php?rest_route=%2Fwp%2Fv2%2Ftags&post=9165"}],"curies":[{"name":"wp","href":"https:\/\/api.w.org\/{rel}","templated":true}]}}