{"id":9178,"date":"2010-10-19T15:35:00","date_gmt":"2010-10-19T15:35:00","guid":{"rendered":"http:\/\/formalprision.info\/2010\/10\/19\/trasladan-quintanas-roo-al-detenido\/"},"modified":"2015-06-03T09:00:26","modified_gmt":"2015-06-03T09:00:26","slug":"trasladan-quintanas-roo-al-detenido","status":"publish","type":"post","link":"https:\/\/formalprision.com\/?p=9178","title":{"rendered":"Trasladan a Quintanas Roo al detenido ayer en Cordemex"},"content":{"rendered":"<p>Bajo discretas medidas de seguridad, la Polic\u00eda Judicial del Estado traslad\u00f3 anoche a Quintana Roo a Jos\u00e9 Manuel Matey D\u00edaz, detenido ayer a balazos en la colonia Codemex.<br \/>El sujeto fue entregado a polic\u00edass quintanarroenses para que a su vez lo pongan a disposici\u00f3n del juzgado penal que dict\u00f3 la orden de captura en su contra.<br \/>Ayer dimos cuenta que este tipo este fue detenido luego de que los polis tuvieron que dispararle a las llantas de la camioneta Nitro que manejaba.<br \/>El sujeto fue detenido a las puertas de su casa en la calle 47 entre 44 y 46 de Cordemex.<br \/>En Canc\u00fan se le busca por robo calificado.<\/p>\n","protected":false},"excerpt":{"rendered":"<p>Bajo discretas medidas de seguridad, la Polic\u00eda Judicial del Estado traslad\u00f3 anoche a Quintana Roo a Jos\u00e9 Manuel Matey D\u00edaz, detenido ayer a balazos en la colonia Codemex.El sujeto fue<\/p>\n","protected":false},"author":1,"featured_media":0,"comment_status":"open","ping_status":"open","sticky":false,"template":"","format":"standard","meta":{"jetpack_post_was_ever_published":false,"_jetpack_newsletter_access":"","_jetpack_dont_email_post_to_subs":false,"_jetpack_newsletter_tier_id":0,"_jetpack_memberships_contains_paywalled_content":false,"_jetpack_memberships_contains_paid_content":false,"footnotes":"","jetpack_publicize_message":"","jetpack_publicize_feature_enabled":true,"jetpack_social_post_already_shared":false,"jetpack_social_options":{"image_generator_settings":{"template":"highway","default_image_id":0,"font":"","enabled":false},"version":2}},"categories":[45,3,1],"tags":[],"class_list":["post-9178","post","type-post","status-publish","format-standard","hentry","category-delincuentes-vip","category-portada","category-sin-categoria"],"jetpack_publicize_connections":[],"jetpack_featured_media_url":"","jetpack_sharing_enabled":true,"jetpack_shortlink":"https:\/\/wp.me\/p6id8p-2o2","_links":{"self":[{"href":"https:\/\/formalprision.com\/index.php?rest_route=\/wp\/v2\/posts\/9178","targetHints":{"allow":["GET"]}}],"collection":[{"href":"https:\/\/formalprision.com\/index.php?rest_route=\/wp\/v2\/posts"}],"about":[{"href":"https:\/\/formalprision.com\/index.php?rest_route=\/wp\/v2\/types\/post"}],"author":[{"embeddable":true,"href":"https:\/\/formalprision.com\/index.php?rest_route=\/wp\/v2\/users\/1"}],"replies":[{"embeddable":true,"href":"https:\/\/formalprision.com\/index.php?rest_route=%2Fwp%2Fv2%2Fcomments&post=9178"}],"version-history":[{"count":0,"href":"https:\/\/formalprision.com\/index.php?rest_route=\/wp\/v2\/posts\/9178\/revisions"}],"wp:attachment":[{"href":"https:\/\/formalprision.com\/index.php?rest_route=%2Fwp%2Fv2%2Fmedia&parent=9178"}],"wp:term":[{"taxonomy":"category","embeddable":true,"href":"https:\/\/formalprision.com\/index.php?rest_route=%2Fwp%2Fv2%2Fcategories&post=9178"},{"taxonomy":"post_tag","embeddable":true,"href":"https:\/\/formalprision.com\/index.php?rest_route=%2Fwp%2Fv2%2Ftags&post=9178"}],"curies":[{"name":"wp","href":"https:\/\/api.w.org\/{rel}","templated":true}]}}